{"id":325252,"date":"2025-07-11T09:00:19","date_gmt":"2025-07-11T06:00:19","guid":{"rendered":"https:\/\/sana.sy\/tr\/?p=325252"},"modified":"2025-07-11T09:30:09","modified_gmt":"2025-07-11T06:30:09","slug":"avn-yerinden-edilmis-kisilerin-geri-donusu-ve-suriyenin-istikrari-lubnanin-cikarlarina-dogrudan-hizmet-ediyor","status":"publish","type":"post","link":"https:\/\/archive.sana.sy\/tr\/?p=325252","title":{"rendered":"Avn: Yerinden Edilmi\u015f Ki\u015filerin Geri D\u00f6n\u00fc\u015f\u00fc Ve Suriye&#8217;nin \u0130stikrar\u0131 L\u00fcbnan&#8217;\u0131n \u00c7\u0131karlar\u0131na Do\u011frudan Hizmet Ediyor"},"content":{"rendered":"<p style=\"text-align: justify;\"><span style=\"color: #800000;\"><strong>BEYRUT (SANA) &#8211;<\/strong><\/span> L\u00fcbnan Cumhurba\u015fkan\u0131 General Joseph Avn, Suriye&#8217;nin istikrar\u0131n\u0131n L\u00fcbnan&#8217;\u0131n \u00e7\u0131karlar\u0131na do\u011frudan hizmet etti\u011fini vurgulayarak, yerinden edilmi\u015f Suriyelilerin \u00fclkelerine g\u00fcvenli, onurlu ve koordineli bir \u015fekilde geri d\u00f6n\u00fc\u015flerinin kolayla\u015ft\u0131r\u0131lmas\u0131 gerekti\u011fini belirtti.<\/p>\n<p style=\"text-align: justify;\">Ulusal Haber Ajans\u0131&#8217;na g\u00f6re, bu a\u00e7\u0131klama, L\u00fcbnan&#8217;daki Avrupa Birli\u011fi B\u00fcy\u00fckel\u00e7isi Sandra de Waal ba\u015fkanl\u0131\u011f\u0131ndaki ve \u00e7ok say\u0131da AB \u00fcye \u00fclkesinin b\u00fcy\u00fckel\u00e7isinin de kat\u0131ld\u0131\u011f\u0131 bir Avrupa heyeti ile Beyrut&#8217;ta yapt\u0131\u011f\u0131 g\u00f6r\u00fc\u015fme s\u0131ras\u0131nda geldi.<\/p>\n<p style=\"text-align: justify;\">G\u00f6r\u00fc\u015fmede, Cumhurba\u015fkan\u0131 Avn, L\u00fcbnan&#8217;\u0131n son y\u0131llarda yerinden edilmi\u015f Suriyelilere ev sahipli\u011fi yapma \u00e7abalar\u0131n\u0131 g\u00f6zden ge\u00e7irerken, baz\u0131 Suriye b\u00f6lgelerindeki ko\u015fullar\u0131n iyile\u015fmesiyle birlikte, uluslararas\u0131 destekteki gerekli de\u011fi\u015fim do\u011frultusunda, yerinden edilmi\u015f ki\u015filerin koordineli bir \u015fekilde geri d\u00f6n\u00fc\u015f\u00fcn\u00fc kolayla\u015ft\u0131rmak i\u00e7in \u00e7al\u0131\u015fman\u0131n hakl\u0131 ve gerekli hale geldi\u011fini a\u00e7\u0131klad\u0131.<\/p>\n<p style=\"text-align: justify;\">G\u00fcvenlik durumuyla ilgili olarak Avn, L\u00fcbnan ve Suriye aras\u0131nda ortak s\u0131n\u0131rlar\u0131n kontrol\u00fc konusunda y\u00fcksek d\u00fczeyde i\u015fbirli\u011fi oldu\u011funu ve bunun her iki \u00fclkenin g\u00fcvenlik istikrar\u0131n\u0131n artmas\u0131na katk\u0131da bulundu\u011funu kaydetti.<\/p>\n","protected":false},"excerpt":{"rendered":"<p>BEYRUT (SANA) &#8211; L\u00fcbnan Cumhurba\u015fkan\u0131 General Joseph Avn, Suriye&#8217;nin istikrar\u0131n\u0131n L\u00fcbnan&#8217;\u0131n \u00e7\u0131karlar\u0131na do\u011frudan hizmet etti\u011fini vurgulayarak, yerinden edilmi\u015f Suriyelilerin \u00fclkelerine g\u00fcvenli, onurlu ve koordineli bir \u015fekilde geri d\u00f6n\u00fc\u015flerinin kolayla\u015ft\u0131r\u0131lmas\u0131 gerekti\u011fini belirtti. Ulusal Haber Ajans\u0131&#8217;na g\u00f6re, bu a\u00e7\u0131klama, L\u00fcbnan&#8217;daki Avrupa Birli\u011fi B\u00fcy\u00fckel\u00e7isi Sandra de Waal ba\u015fkanl\u0131\u011f\u0131ndaki ve \u00e7ok say\u0131da AB \u00fcye \u00fclkesinin b\u00fcy\u00fckel\u00e7isinin de kat\u0131ld\u0131\u011f\u0131 bir &hellip;<\/p>\n","protected":false},"author":44,"featured_media":325253,"comment_status":"closed","ping_status":"closed","sticky":false,"template":"","format":"standard","meta":{"footnotes":""},"categories":[589,17988,2554],"tags":[44022],"class_list":["post-325252","post","type-post","status-publish","format-standard","has-post-thumbnail","","category-haber-seridi","category-son-haberler","category-suriye-ve-dunya","tag-avn-yerinden-edilmis-kisilerin-geri-donusu-ve-suriyenin-istikrari-lubnanin-cikarlarina-dogrudan-hizmet-ediyor"],"_links":{"self":[{"href":"https:\/\/archive.sana.sy\/tr\/index.php?rest_route=\/wp\/v2\/posts\/325252","targetHints":{"allow":["GET"]}}],"collection":[{"href":"https:\/\/archive.sana.sy\/tr\/index.php?rest_route=\/wp\/v2\/posts"}],"about":[{"href":"https:\/\/archive.sana.sy\/tr\/index.php?rest_route=\/wp\/v2\/types\/post"}],"author":[{"embeddable":true,"href":"https:\/\/archive.sana.sy\/tr\/index.php?rest_route=\/wp\/v2\/users\/44"}],"replies":[{"embeddable":true,"href":"https:\/\/archive.sana.sy\/tr\/index.php?rest_route=%2Fwp%2Fv2%2Fcomments&post=325252"}],"version-history":[{"count":1,"href":"https:\/\/archive.sana.sy\/tr\/index.php?rest_route=\/wp\/v2\/posts\/325252\/revisions"}],"predecessor-version":[{"id":325254,"href":"https:\/\/archive.sana.sy\/tr\/index.php?rest_route=\/wp\/v2\/posts\/325252\/revisions\/325254"}],"wp:featuredmedia":[{"embeddable":true,"href":"https:\/\/archive.sana.sy\/tr\/index.php?rest_route=\/wp\/v2\/media\/325253"}],"wp:attachment":[{"href":"https:\/\/archive.sana.sy\/tr\/index.php?rest_route=%2Fwp%2Fv2%2Fmedia&parent=325252"}],"wp:term":[{"taxonomy":"category","embeddable":true,"href":"https:\/\/archive.sana.sy\/tr\/index.php?rest_route=%2Fwp%2Fv2%2Fcategories&post=325252"},{"taxonomy":"post_tag","embeddable":true,"href":"https:\/\/archive.sana.sy\/tr\/index.php?rest_route=%2Fwp%2Fv2%2Ftags&post=325252"}],"curies":[{"name":"wp","href":"https:\/\/api.w.org\/{rel}","templated":true}]}}