{"id":325262,"date":"2025-07-11T09:15:58","date_gmt":"2025-07-11T06:15:58","guid":{"rendered":"https:\/\/sana.sy\/tr\/?p=325262"},"modified":"2025-07-12T13:43:25","modified_gmt":"2025-07-12T10:43:25","slug":"el-seybani-cek-buyukelciligi-maslahatguzari-ile-ikili-isbirliginin-artirilmasi-konusunu-gorustu","status":"publish","type":"post","link":"https:\/\/archive.sana.sy\/tr\/?p=325262","title":{"rendered":"El \u015eeybani, \u00c7ek B\u00fcy\u00fckel\u00e7ili\u011fi Maslahatg\u00fczar\u0131 \u0130le \u0130kili I\u015fbirli\u011finin Art\u0131r\u0131lmas\u0131 Konusunu G\u00f6r\u00fc\u015ft\u00fc"},"content":{"rendered":"<p style=\"text-align: justify;\"><span style=\"color: #800000;\"><strong>\u015eAM (SANA)<\/strong> &#8211;<\/span> Suriye Arap Cumhuriyeti D\u0131\u015fi\u015fleri ve Gurbet\u00e7iler Bakan\u0131 Asaad El \u015eeybani, \u00c7ekya\u2019n\u0131n \u015eam B\u00fcy\u00fckel\u00e7ili\u011fi Maslahatg\u00fczar\u0131 V\u0131tezslav P\u011bonka ile bir araya gelerek, iki \u00fclke aras\u0131ndaki ili\u015fkilerin durumu ve bu ili\u015fkilerin \u00e7e\u015fitli alanlarda halklar\u0131n yarar\u0131na nas\u0131l g\u00fc\u00e7lendirilebilece\u011fini g\u00f6r\u00fc\u015ft\u00fc.<\/p>\n<p style=\"text-align: justify;\">G\u00f6r\u00fc\u015fmede taraflar, ikili ili\u015fkilerin daha da geli\u015ftirilmesi, i\u015f birli\u011fi alanlar\u0131n\u0131n geni\u015fletilmesi ve ortak \u00e7\u0131karlar\u0131n desteklenmesi y\u00f6n\u00fcnde kararl\u0131l\u0131klar\u0131n\u0131 ifade ettiler.<\/p>\n","protected":false},"excerpt":{"rendered":"<p>\u015eAM (SANA) &#8211; Suriye Arap Cumhuriyeti D\u0131\u015fi\u015fleri ve Gurbet\u00e7iler Bakan\u0131 Asaad El \u015eeybani, \u00c7ekya\u2019n\u0131n \u015eam B\u00fcy\u00fckel\u00e7ili\u011fi Maslahatg\u00fczar\u0131 V\u0131tezslav P\u011bonka ile bir araya gelerek, iki \u00fclke aras\u0131ndaki ili\u015fkilerin durumu ve bu ili\u015fkilerin \u00e7e\u015fitli alanlarda halklar\u0131n yarar\u0131na nas\u0131l g\u00fc\u00e7lendirilebilece\u011fini g\u00f6r\u00fc\u015ft\u00fc. G\u00f6r\u00fc\u015fmede taraflar, ikili ili\u015fkilerin daha da geli\u015ftirilmesi, i\u015f birli\u011fi alanlar\u0131n\u0131n geni\u015fletilmesi ve ortak \u00e7\u0131karlar\u0131n desteklenmesi y\u00f6n\u00fcnde kararl\u0131l\u0131klar\u0131n\u0131 &hellip;<\/p>\n","protected":false},"author":44,"featured_media":325263,"comment_status":"closed","ping_status":"closed","sticky":false,"template":"","format":"standard","meta":{"footnotes":""},"categories":[2554],"tags":[44024,43384],"class_list":["post-325262","post","type-post","status-publish","format-standard","has-post-thumbnail","","category-suriye-ve-dunya","tag-cek-buyukelciligi-maslahatguzari-ile-ikili-isbirliginin-artirilmasi-konusunu-gorustu","tag-el-seybani"],"_links":{"self":[{"href":"https:\/\/archive.sana.sy\/tr\/index.php?rest_route=\/wp\/v2\/posts\/325262","targetHints":{"allow":["GET"]}}],"collection":[{"href":"https:\/\/archive.sana.sy\/tr\/index.php?rest_route=\/wp\/v2\/posts"}],"about":[{"href":"https:\/\/archive.sana.sy\/tr\/index.php?rest_route=\/wp\/v2\/types\/post"}],"author":[{"embeddable":true,"href":"https:\/\/archive.sana.sy\/tr\/index.php?rest_route=\/wp\/v2\/users\/44"}],"replies":[{"embeddable":true,"href":"https:\/\/archive.sana.sy\/tr\/index.php?rest_route=%2Fwp%2Fv2%2Fcomments&post=325262"}],"version-history":[{"count":1,"href":"https:\/\/archive.sana.sy\/tr\/index.php?rest_route=\/wp\/v2\/posts\/325262\/revisions"}],"predecessor-version":[{"id":325264,"href":"https:\/\/archive.sana.sy\/tr\/index.php?rest_route=\/wp\/v2\/posts\/325262\/revisions\/325264"}],"wp:featuredmedia":[{"embeddable":true,"href":"https:\/\/archive.sana.sy\/tr\/index.php?rest_route=\/wp\/v2\/media\/325263"}],"wp:attachment":[{"href":"https:\/\/archive.sana.sy\/tr\/index.php?rest_route=%2Fwp%2Fv2%2Fmedia&parent=325262"}],"wp:term":[{"taxonomy":"category","embeddable":true,"href":"https:\/\/archive.sana.sy\/tr\/index.php?rest_route=%2Fwp%2Fv2%2Fcategories&post=325262"},{"taxonomy":"post_tag","embeddable":true,"href":"https:\/\/archive.sana.sy\/tr\/index.php?rest_route=%2Fwp%2Fv2%2Ftags&post=325262"}],"curies":[{"name":"wp","href":"https:\/\/api.w.org\/{rel}","templated":true}]}}