{"id":325265,"date":"2025-07-11T09:43:39","date_gmt":"2025-07-11T06:43:39","guid":{"rendered":"https:\/\/sana.sy\/tr\/?p=325265"},"modified":"2025-07-11T09:43:39","modified_gmt":"2025-07-11T06:43:39","slug":"erdogan-suriyedeki-yasam-kosullarinin-iyilestirilmesi-multecilerin-geri-donusu-ve-istikrari-icin-kilit-onem-tasiyor","status":"publish","type":"post","link":"https:\/\/archive.sana.sy\/tr\/?p=325265","title":{"rendered":"Erdo\u011fan: Suriye&#8217;deki Ya\u015fam Ko\u015fullar\u0131n\u0131n \u0130yile\u015ftirilmesi, M\u00fcltecilerin Geri d\u00f6n\u00fc\u015f\u00fc Ve \u0130stikrar\u0131 \u0130\u00e7in Kilit \u00d6nem Ta\u015f\u0131yor"},"content":{"rendered":"<p style=\"text-align: justify;\"><strong><span style=\"color: #800000;\">ANKARA (SANA) &#8211;<\/span><\/strong> T\u00fcrkiye Cumhurba\u015fkan\u0131 Recep Tayyip Erdo\u011fan, \u00fclkesinin Suriye&#8217;de g\u00fcvenlik ve istikrar\u0131 sa\u011flamak i\u00e7in yorulmak bilmez \u00e7abalar\u0131n\u0131 s\u00fcrd\u00fcrd\u00fc\u011f\u00fcn\u00fc belirterek, Suriyeli m\u00fcltecilerin anavatanlar\u0131na d\u00f6n\u00fc\u015fleri i\u00e7in sosyal ve ekonomik refah\u0131n art\u0131r\u0131lmas\u0131n\u0131n \u00f6n ko\u015ful oldu\u011funu vurgulad\u0131.<\/p>\n<p style=\"text-align: justify;\">Anadolu Ajans\u0131&#8217;na g\u00f6re, Erdo\u011fan bug\u00fcn Avusturya Ba\u015fbakan\u0131 Christian Stocker ile yapt\u0131\u011f\u0131 telefon g\u00f6r\u00fc\u015fmesinde, &#8220;Suriye&#8217;deki ya\u015fam ko\u015fullar\u0131n\u0131n iyile\u015ftirilmesinin, m\u00fcltecilerin g\u00f6n\u00fcll\u00fc geri d\u00f6n\u00fc\u015f\u00fcn\u00fc h\u0131zland\u0131rman\u0131n temel ta\u015f\u0131 oldu\u011funu&#8221; vurgulad\u0131.<\/p>\n<p style=\"text-align: justify;\">T\u00fcrkiye Cumhurba\u015fkan\u0131, ge\u00e7en Cumartesi g\u00fcn\u00fc gazetecilere yapt\u0131\u011f\u0131 a\u00e7\u0131klamada, \u00fclkesinin Suriye&#8217;nin refah\u0131 ve istikrar\u0131na katk\u0131da bulunan her \u015feye tam deste\u011fini yineleyerek, Suriye&#8217;de kal\u0131c\u0131 bar\u0131\u015f\u0131n t\u00fcm b\u00f6lgenin \u00e7\u0131kar\u0131na oldu\u011funu vurgulam\u0131\u015ft\u0131.<\/p>\n<p style=\"text-align: justify;\">Bu a\u00e7\u0131klamalar, T\u00fcrkiye&#8217;nin Suriye ile ikili ili\u015fkilerini yeniden in\u015fa etmeyi ve her iki halk\u0131n \u00e7\u0131karlar\u0131na hizmet etmek ve ortak Arap ve b\u00f6lgesel eylemleri g\u00fc\u00e7lendirmek i\u00e7in g\u00fcvenlik, ekonomi ve enerji alanlar\u0131nda i\u015f birli\u011fini geli\u015ftirmeyi ama\u00e7layan devam eden diplomatik \u00e7abalar\u0131 ba\u011flam\u0131nda yer al\u0131yor.<\/p>\n","protected":false},"excerpt":{"rendered":"<p>ANKARA (SANA) &#8211; T\u00fcrkiye Cumhurba\u015fkan\u0131 Recep Tayyip Erdo\u011fan, \u00fclkesinin Suriye&#8217;de g\u00fcvenlik ve istikrar\u0131 sa\u011flamak i\u00e7in yorulmak bilmez \u00e7abalar\u0131n\u0131 s\u00fcrd\u00fcrd\u00fc\u011f\u00fcn\u00fc belirterek, Suriyeli m\u00fcltecilerin anavatanlar\u0131na d\u00f6n\u00fc\u015fleri i\u00e7in sosyal ve ekonomik refah\u0131n art\u0131r\u0131lmas\u0131n\u0131n \u00f6n ko\u015ful oldu\u011funu vurgulad\u0131. Anadolu Ajans\u0131&#8217;na g\u00f6re, Erdo\u011fan bug\u00fcn Avusturya Ba\u015fbakan\u0131 Christian Stocker ile yapt\u0131\u011f\u0131 telefon g\u00f6r\u00fc\u015fmesinde, &#8220;Suriye&#8217;deki ya\u015fam ko\u015fullar\u0131n\u0131n iyile\u015ftirilmesinin, m\u00fcltecilerin g\u00f6n\u00fcll\u00fc geri d\u00f6n\u00fc\u015f\u00fcn\u00fc &hellip;<\/p>\n","protected":false},"author":44,"featured_media":325266,"comment_status":"closed","ping_status":"closed","sticky":false,"template":"","format":"standard","meta":{"footnotes":""},"categories":[589,17988,2554,2555],"tags":[44025,44026],"class_list":["post-325265","post","type-post","status-publish","format-standard","has-post-thumbnail","","category-haber-seridi","category-son-haberler","category-suriye-ve-dunya","category-suriye-ve-turkiye","tag-erdogan-suriyedeki-yasam-kosullarinin-iyilestirilmesi","tag-multecilerin-geri-donusu-ve-istikrari-icin-kilit-onem-tasiyor"],"_links":{"self":[{"href":"https:\/\/archive.sana.sy\/tr\/index.php?rest_route=\/wp\/v2\/posts\/325265","targetHints":{"allow":["GET"]}}],"collection":[{"href":"https:\/\/archive.sana.sy\/tr\/index.php?rest_route=\/wp\/v2\/posts"}],"about":[{"href":"https:\/\/archive.sana.sy\/tr\/index.php?rest_route=\/wp\/v2\/types\/post"}],"author":[{"embeddable":true,"href":"https:\/\/archive.sana.sy\/tr\/index.php?rest_route=\/wp\/v2\/users\/44"}],"replies":[{"embeddable":true,"href":"https:\/\/archive.sana.sy\/tr\/index.php?rest_route=%2Fwp%2Fv2%2Fcomments&post=325265"}],"version-history":[{"count":1,"href":"https:\/\/archive.sana.sy\/tr\/index.php?rest_route=\/wp\/v2\/posts\/325265\/revisions"}],"predecessor-version":[{"id":325267,"href":"https:\/\/archive.sana.sy\/tr\/index.php?rest_route=\/wp\/v2\/posts\/325265\/revisions\/325267"}],"wp:featuredmedia":[{"embeddable":true,"href":"https:\/\/archive.sana.sy\/tr\/index.php?rest_route=\/wp\/v2\/media\/325266"}],"wp:attachment":[{"href":"https:\/\/archive.sana.sy\/tr\/index.php?rest_route=%2Fwp%2Fv2%2Fmedia&parent=325265"}],"wp:term":[{"taxonomy":"category","embeddable":true,"href":"https:\/\/archive.sana.sy\/tr\/index.php?rest_route=%2Fwp%2Fv2%2Fcategories&post=325265"},{"taxonomy":"post_tag","embeddable":true,"href":"https:\/\/archive.sana.sy\/tr\/index.php?rest_route=%2Fwp%2Fv2%2Ftags&post=325265"}],"curies":[{"name":"wp","href":"https:\/\/api.w.org\/{rel}","templated":true}]}}