{"id":325268,"date":"2025-07-11T09:35:46","date_gmt":"2025-07-11T06:35:46","guid":{"rendered":"https:\/\/sana.sy\/tr\/?p=325268"},"modified":"2025-07-11T09:46:06","modified_gmt":"2025-07-11T06:46:06","slug":"ic-guvenlik-yahya-abbudu-terorist-hucreleri-olusturmada-rolu-nedeniyle-tutukladi","status":"publish","type":"post","link":"https:\/\/archive.sana.sy\/tr\/?p=325268","title":{"rendered":"\u0130\u00e7 G\u00fcvenlik, Yahya Abbud&#8217;u Ter\u00f6rist H\u00fccreleri Olu\u015fturmada Rol\u00fc Nedeniyle Tutuklad\u0131"},"content":{"rendered":"<p style=\"text-align: justify;\"><strong><span style=\"color: #800000;\">LAZK\u0130YE (SANA) &#8211;<\/span><\/strong>\u00a0 Lazkiye Valili\u011fi \u0130\u00e7 G\u00fcvenlik Komutanl\u0131\u011f\u0131, Ter\u00f6rle M\u00fccadele Dairesi Ba\u015fkanl\u0131\u011f\u0131 ile i\u015f birli\u011fi i\u00e7inde, yasad\u0131\u015f\u0131 ter\u00f6rist gruplara liderlik etti\u011fi ve Suriye devlet askeri ve g\u00fcvenlik noktalar\u0131n\u0131 hedef almaya haz\u0131rland\u0131\u011f\u0131 gerek\u00e7esiyle Yahya Kas\u0131m Abbud&#8217;u tutuklad\u0131.<\/p>\n<p style=\"text-align: justify;\">\u0130\u00e7i\u015fleri Bakanl\u0131\u011f\u0131 bug\u00fcn yapt\u0131\u011f\u0131 a\u00e7\u0131klamada \u015funlar\u0131 belirtti: &#8221;Soru\u015fturmalar, Abboud&#8217;un eski rejimin kal\u0131nt\u0131lar\u0131ndan olu\u015fan yeni ter\u00f6r h\u00fccreleri olu\u015fturmak amac\u0131yla firari Rami Mahluf&#8217;tan mali ve lojistik destek ald\u0131\u011f\u0131n\u0131 ortaya koydu. Bu h\u00fccreler, 6 Mart&#8217;ta Suriye k\u0131y\u0131lar\u0131ndaki askeri ve g\u00fcvenlik noktalar\u0131n\u0131 hedef alan ter\u00f6r sald\u0131r\u0131lar\u0131 d\u00fczenledi.&#8221;<\/p>\n<p style=\"text-align: justify;\">Tutuklanan ki\u015fi, g\u00fcvenlik ve istikrar\u0131 baltalayan ve vatanda\u015flar\u0131n g\u00fcvenli\u011fini tehdit eden ter\u00f6r a\u011flar\u0131n\u0131 \u00e7\u00f6kerten ki\u015filerin yakalanmas\u0131 i\u00e7in devam eden \u00e7al\u0131\u015fmalar kapsam\u0131nda, hakk\u0131nda gerekli yasal i\u015flemlerin ba\u015flat\u0131lmas\u0131 i\u00e7in yetkili yarg\u0131 mercilerine sevk edildi.<\/p>\n<p style=\"text-align: justify;\">\n","protected":false},"excerpt":{"rendered":"<p>LAZK\u0130YE (SANA) &#8211;\u00a0 Lazkiye Valili\u011fi \u0130\u00e7 G\u00fcvenlik Komutanl\u0131\u011f\u0131, Ter\u00f6rle M\u00fccadele Dairesi Ba\u015fkanl\u0131\u011f\u0131 ile i\u015f birli\u011fi i\u00e7inde, yasad\u0131\u015f\u0131 ter\u00f6rist gruplara liderlik etti\u011fi ve Suriye devlet askeri ve g\u00fcvenlik noktalar\u0131n\u0131 hedef almaya haz\u0131rland\u0131\u011f\u0131 gerek\u00e7esiyle Yahya Kas\u0131m Abbud&#8217;u tutuklad\u0131. \u0130\u00e7i\u015fleri Bakanl\u0131\u011f\u0131 bug\u00fcn yapt\u0131\u011f\u0131 a\u00e7\u0131klamada \u015funlar\u0131 belirtti: &#8221;Soru\u015fturmalar, Abboud&#8217;un eski rejimin kal\u0131nt\u0131lar\u0131ndan olu\u015fan yeni ter\u00f6r h\u00fccreleri olu\u015fturmak amac\u0131yla firari &hellip;<\/p>\n","protected":false},"author":44,"featured_media":325269,"comment_status":"closed","ping_status":"closed","sticky":false,"template":"","format":"standard","meta":{"footnotes":""},"categories":[589,479,17988,478],"tags":[44027,44028],"class_list":["post-325268","post","type-post","status-publish","format-standard","has-post-thumbnail","","category-haber-seridi","category-haberler-yerel","category-son-haberler","category-yerel","tag-ic-guvenlik","tag-yahya-abbudu-terorist-hucreleri-olusturmada-rolu-nedeniyle-tutukladi"],"_links":{"self":[{"href":"https:\/\/archive.sana.sy\/tr\/index.php?rest_route=\/wp\/v2\/posts\/325268","targetHints":{"allow":["GET"]}}],"collection":[{"href":"https:\/\/archive.sana.sy\/tr\/index.php?rest_route=\/wp\/v2\/posts"}],"about":[{"href":"https:\/\/archive.sana.sy\/tr\/index.php?rest_route=\/wp\/v2\/types\/post"}],"author":[{"embeddable":true,"href":"https:\/\/archive.sana.sy\/tr\/index.php?rest_route=\/wp\/v2\/users\/44"}],"replies":[{"embeddable":true,"href":"https:\/\/archive.sana.sy\/tr\/index.php?rest_route=%2Fwp%2Fv2%2Fcomments&post=325268"}],"version-history":[{"count":1,"href":"https:\/\/archive.sana.sy\/tr\/index.php?rest_route=\/wp\/v2\/posts\/325268\/revisions"}],"predecessor-version":[{"id":325270,"href":"https:\/\/archive.sana.sy\/tr\/index.php?rest_route=\/wp\/v2\/posts\/325268\/revisions\/325270"}],"wp:featuredmedia":[{"embeddable":true,"href":"https:\/\/archive.sana.sy\/tr\/index.php?rest_route=\/wp\/v2\/media\/325269"}],"wp:attachment":[{"href":"https:\/\/archive.sana.sy\/tr\/index.php?rest_route=%2Fwp%2Fv2%2Fmedia&parent=325268"}],"wp:term":[{"taxonomy":"category","embeddable":true,"href":"https:\/\/archive.sana.sy\/tr\/index.php?rest_route=%2Fwp%2Fv2%2Fcategories&post=325268"},{"taxonomy":"post_tag","embeddable":true,"href":"https:\/\/archive.sana.sy\/tr\/index.php?rest_route=%2Fwp%2Fv2%2Ftags&post=325268"}],"curies":[{"name":"wp","href":"https:\/\/api.w.org\/{rel}","templated":true}]}}