{"id":325330,"date":"2025-07-12T11:56:54","date_gmt":"2025-07-12T08:56:54","guid":{"rendered":"https:\/\/sana.sy\/tr\/?p=325330"},"modified":"2025-07-12T11:56:54","modified_gmt":"2025-07-12T08:56:54","slug":"halep-ticaret-odasi-istanbuldaki-musiad-dernegi-ile-ekonomik-isbirligini-artirmayi-gorustu","status":"publish","type":"post","link":"https:\/\/archive.sana.sy\/tr\/?p=325330","title":{"rendered":"Halep Ticaret Odas\u0131, \u0130stanbul&#8217;daki M\u00dcS\u0130AD Derne\u011fi \u0130le Ekonomik \u0130\u015fbirli\u011fini Art\u0131rmay\u0131 G\u00f6r\u00fc\u015ft\u00fc"},"content":{"rendered":"<p style=\"text-align: justify;\"><span style=\"color: #800000;\"><strong>\u0130STANBUL (SANA) &#8211;<\/strong><\/span> Halep Ticaret Odas\u0131 Ba\u015fkan\u0131 Muhammed Said \u015eeyh El Kar, \u0130stanbul&#8217;da M\u00fcstakil Sanayiciler ve \u0130\u015f Adamlar\u0131 Derne\u011fi (M\u00dcS\u0130AD) \u00fcyeleriyle bir araya gelerek, \u00f6zellikle yeniden yap\u0131lanma s\u00fcrecinde Suriye ile T\u00fcrkiye aras\u0131ndaki ekonomik ve yat\u0131r\u0131m i\u015f birli\u011fini art\u0131rma yollar\u0131n\u0131 g\u00f6r\u00fc\u015ft\u00fc.<\/p>\n<p style=\"text-align: justify;\">G\u00f6r\u00fc\u015fmede, Suriye&#8217;de mevcut yat\u0131r\u0131m f\u0131rsatlar\u0131 ve \u00f6n\u00fcm\u00fczdeki d\u00f6nemde yat\u0131r\u0131m ortam\u0131n\u0131 daha cazip hale getirecek olan Suriye&#8217;deki yeni yat\u0131r\u0131m yasas\u0131n\u0131n sundu\u011fu avantajlar ele al\u0131nd\u0131.<\/p>\n<p style=\"text-align: justify;\">G\u00f6r\u00fc\u015fmede ayr\u0131ca , iki taraf aras\u0131nda i\u015f insanlar\u0131n\u0131n hareketlili\u011finin ve mal al\u0131\u015fveri\u015finin kolayla\u015ft\u0131r\u0131lmas\u0131 konusunda mutabakata var\u0131ld\u0131 ve uluslararas\u0131 \u0130\u015f Forumu&#8217;nun (IBF) \u00f6n\u00fcm\u00fczdeki Kas\u0131m ay\u0131nda \u015eam&#8217;da d\u00fczenlenmesi kararla\u015ft\u0131r\u0131ld\u0131.<\/p>\n<p style=\"text-align: justify;\">\u015eeyh El Kar, SANA muhabirine yapt\u0131\u011f\u0131 a\u00e7\u0131klamada, toplant\u0131n\u0131n Suriye&#8217;de ekonomik ba\u011flar\u0131 g\u00fc\u00e7lendirme ve yat\u0131r\u0131m ortam\u0131n\u0131 geli\u015ftirme y\u00f6n\u00fcndeki ortak \u00e7abalar\u0131 destekleme \u00e7er\u00e7evesinde ger\u00e7ekle\u015fti\u011fini belirtti. Halep&#8217;in ulusal ticaret ve sanayinin ilerlemesinde oynad\u0131\u011f\u0131 \u00f6nemli rol\u00fc vurgulad\u0131.<\/p>\n<p style=\"text-align: justify;\">\u015eeyh El Kar \u015funlar\u0131 da ekledi: \u2018\u2019Halep&#8217;te sanayi sekt\u00f6r\u00fcn\u00fcn canland\u0131r\u0131lmas\u0131 konusunda b\u00fcy\u00fck ilgi g\u00f6rd\u00fc\u011f\u00fcn\u00fc, i\u015f adamlar\u0131na ve fabrika sahiplerine geni\u015f kapsaml\u0131 kolayl\u0131klar sa\u011fland\u0131\u011f\u0131n\u0131 vurgulad\u0131.\u2019\u2019<\/p>\n<div id='gallery-1' class='gallery galleryid-325330 gallery-columns-3 gallery-size-large'><figure class='gallery-item'>\n\t\t\t<div class='gallery-icon landscape'>\n\t\t\t\t<a href='https:\/\/archive.sana.sy\/tr\/?attachment_id=325332'><img loading=\"lazy\" decoding=\"async\" width=\"618\" height=\"412\" src=\"https:\/\/archive.sana.sy\/tr\/wp-content\/uploads\/2025\/07\/3c96ae99-a513-4490-b649-c1c649d34de6-scaled-1-1024x683.jpg\" class=\"attachment-large size-large\" alt=\"\" srcset=\"https:\/\/archive.sana.sy\/tr\/wp-content\/uploads\/2025\/07\/3c96ae99-a513-4490-b649-c1c649d34de6-scaled-1-1024x683.jpg 1024w, https:\/\/archive.sana.sy\/tr\/wp-content\/uploads\/2025\/07\/3c96ae99-a513-4490-b649-c1c649d34de6-scaled-1-300x200.jpg 300w, https:\/\/archive.sana.sy\/tr\/wp-content\/uploads\/2025\/07\/3c96ae99-a513-4490-b649-c1c649d34de6-scaled-1-768x512.jpg 768w, https:\/\/archive.sana.sy\/tr\/wp-content\/uploads\/2025\/07\/3c96ae99-a513-4490-b649-c1c649d34de6-scaled-1-1536x1025.jpg 1536w, https:\/\/archive.sana.sy\/tr\/wp-content\/uploads\/2025\/07\/3c96ae99-a513-4490-b649-c1c649d34de6-scaled-1-2048x1366.jpg 2048w\" sizes=\"auto, (max-width: 618px) 100vw, 618px\" \/><\/a>\n\t\t\t<\/div><\/figure><figure class='gallery-item'>\n\t\t\t<div class='gallery-icon landscape'>\n\t\t\t\t<a href='https:\/\/archive.sana.sy\/tr\/?attachment_id=325333'><img loading=\"lazy\" decoding=\"async\" width=\"618\" height=\"427\" src=\"https:\/\/archive.sana.sy\/tr\/wp-content\/uploads\/2025\/07\/96d262d6-bebb-4f02-9778-7bfe1df43347-scaled-1-1024x708.jpg\" class=\"attachment-large size-large\" alt=\"\" srcset=\"https:\/\/archive.sana.sy\/tr\/wp-content\/uploads\/2025\/07\/96d262d6-bebb-4f02-9778-7bfe1df43347-scaled-1-1024x708.jpg 1024w, https:\/\/archive.sana.sy\/tr\/wp-content\/uploads\/2025\/07\/96d262d6-bebb-4f02-9778-7bfe1df43347-scaled-1-300x208.jpg 300w, https:\/\/archive.sana.sy\/tr\/wp-content\/uploads\/2025\/07\/96d262d6-bebb-4f02-9778-7bfe1df43347-scaled-1-768x531.jpg 768w, https:\/\/archive.sana.sy\/tr\/wp-content\/uploads\/2025\/07\/96d262d6-bebb-4f02-9778-7bfe1df43347-scaled-1-1536x1063.jpg 1536w, https:\/\/archive.sana.sy\/tr\/wp-content\/uploads\/2025\/07\/96d262d6-bebb-4f02-9778-7bfe1df43347-scaled-1-2048x1417.jpg 2048w, https:\/\/archive.sana.sy\/tr\/wp-content\/uploads\/2025\/07\/96d262d6-bebb-4f02-9778-7bfe1df43347-scaled-1-110x75.jpg 110w\" sizes=\"auto, (max-width: 618px) 100vw, 618px\" \/><\/a>\n\t\t\t<\/div><\/figure><figure class='gallery-item'>\n\t\t\t<div class='gallery-icon landscape'>\n\t\t\t\t<a href='https:\/\/archive.sana.sy\/tr\/?attachment_id=325334'><img loading=\"lazy\" decoding=\"async\" width=\"618\" height=\"362\" src=\"https:\/\/archive.sana.sy\/tr\/wp-content\/uploads\/2025\/07\/3603ea99-4f61-4941-9684-d5170a46d94f-scaled-1-1024x600.jpg\" class=\"attachment-large size-large\" alt=\"\" srcset=\"https:\/\/archive.sana.sy\/tr\/wp-content\/uploads\/2025\/07\/3603ea99-4f61-4941-9684-d5170a46d94f-scaled-1-1024x600.jpg 1024w, https:\/\/archive.sana.sy\/tr\/wp-content\/uploads\/2025\/07\/3603ea99-4f61-4941-9684-d5170a46d94f-scaled-1-300x176.jpg 300w, https:\/\/archive.sana.sy\/tr\/wp-content\/uploads\/2025\/07\/3603ea99-4f61-4941-9684-d5170a46d94f-scaled-1-768x450.jpg 768w, https:\/\/archive.sana.sy\/tr\/wp-content\/uploads\/2025\/07\/3603ea99-4f61-4941-9684-d5170a46d94f-scaled-1-1536x899.jpg 1536w, https:\/\/archive.sana.sy\/tr\/wp-content\/uploads\/2025\/07\/3603ea99-4f61-4941-9684-d5170a46d94f-scaled-1-2048x1199.jpg 2048w\" sizes=\"auto, (max-width: 618px) 100vw, 618px\" \/><\/a>\n\t\t\t<\/div><\/figure><figure class='gallery-item'>\n\t\t\t<div class='gallery-icon landscape'>\n\t\t\t\t<a href='https:\/\/archive.sana.sy\/tr\/?attachment_id=325335'><img loading=\"lazy\" decoding=\"async\" width=\"618\" height=\"395\" src=\"https:\/\/archive.sana.sy\/tr\/wp-content\/uploads\/2025\/07\/7340fc37-9dbf-4880-a076-4c5f8f2fd53e-scaled-1-1024x654.jpg\" class=\"attachment-large size-large\" alt=\"\" srcset=\"https:\/\/archive.sana.sy\/tr\/wp-content\/uploads\/2025\/07\/7340fc37-9dbf-4880-a076-4c5f8f2fd53e-scaled-1-1024x654.jpg 1024w, https:\/\/archive.sana.sy\/tr\/wp-content\/uploads\/2025\/07\/7340fc37-9dbf-4880-a076-4c5f8f2fd53e-scaled-1-300x192.jpg 300w, https:\/\/archive.sana.sy\/tr\/wp-content\/uploads\/2025\/07\/7340fc37-9dbf-4880-a076-4c5f8f2fd53e-scaled-1-768x491.jpg 768w, https:\/\/archive.sana.sy\/tr\/wp-content\/uploads\/2025\/07\/7340fc37-9dbf-4880-a076-4c5f8f2fd53e-scaled-1-1536x982.jpg 1536w, https:\/\/archive.sana.sy\/tr\/wp-content\/uploads\/2025\/07\/7340fc37-9dbf-4880-a076-4c5f8f2fd53e-scaled-1-2048x1309.jpg 2048w\" sizes=\"auto, (max-width: 618px) 100vw, 618px\" \/><\/a>\n\t\t\t<\/div><\/figure><figure class='gallery-item'>\n\t\t\t<div class='gallery-icon landscape'>\n\t\t\t\t<a href='https:\/\/archive.sana.sy\/tr\/?attachment_id=325336'><img loading=\"lazy\" decoding=\"async\" width=\"618\" height=\"412\" src=\"https:\/\/archive.sana.sy\/tr\/wp-content\/uploads\/2025\/07\/b6b6f17e-8ec4-4f11-b0ff-59b80c01cb90-scaled-1-1024x683.jpg\" class=\"attachment-large size-large\" alt=\"\" srcset=\"https:\/\/archive.sana.sy\/tr\/wp-content\/uploads\/2025\/07\/b6b6f17e-8ec4-4f11-b0ff-59b80c01cb90-scaled-1-1024x683.jpg 1024w, https:\/\/archive.sana.sy\/tr\/wp-content\/uploads\/2025\/07\/b6b6f17e-8ec4-4f11-b0ff-59b80c01cb90-scaled-1-300x200.jpg 300w, https:\/\/archive.sana.sy\/tr\/wp-content\/uploads\/2025\/07\/b6b6f17e-8ec4-4f11-b0ff-59b80c01cb90-scaled-1-768x512.jpg 768w, https:\/\/archive.sana.sy\/tr\/wp-content\/uploads\/2025\/07\/b6b6f17e-8ec4-4f11-b0ff-59b80c01cb90-scaled-1-1536x1025.jpg 1536w, https:\/\/archive.sana.sy\/tr\/wp-content\/uploads\/2025\/07\/b6b6f17e-8ec4-4f11-b0ff-59b80c01cb90-scaled-1-2048x1366.jpg 2048w\" sizes=\"auto, (max-width: 618px) 100vw, 618px\" \/><\/a>\n\t\t\t<\/div><\/figure><figure class='gallery-item'>\n\t\t\t<div class='gallery-icon landscape'>\n\t\t\t\t<a href='https:\/\/archive.sana.sy\/tr\/?attachment_id=325337'><img loading=\"lazy\" decoding=\"async\" width=\"618\" height=\"392\" src=\"https:\/\/archive.sana.sy\/tr\/wp-content\/uploads\/2025\/07\/c560d008-989a-48dc-8e03-ed74d6971364-scaled-1-1024x650.jpg\" class=\"attachment-large size-large\" alt=\"\" srcset=\"https:\/\/archive.sana.sy\/tr\/wp-content\/uploads\/2025\/07\/c560d008-989a-48dc-8e03-ed74d6971364-scaled-1-1024x650.jpg 1024w, https:\/\/archive.sana.sy\/tr\/wp-content\/uploads\/2025\/07\/c560d008-989a-48dc-8e03-ed74d6971364-scaled-1-300x191.jpg 300w, https:\/\/archive.sana.sy\/tr\/wp-content\/uploads\/2025\/07\/c560d008-989a-48dc-8e03-ed74d6971364-scaled-1-768x488.jpg 768w, https:\/\/archive.sana.sy\/tr\/wp-content\/uploads\/2025\/07\/c560d008-989a-48dc-8e03-ed74d6971364-scaled-1-1536x976.jpg 1536w, https:\/\/archive.sana.sy\/tr\/wp-content\/uploads\/2025\/07\/c560d008-989a-48dc-8e03-ed74d6971364-scaled-1-2048x1301.jpg 2048w\" sizes=\"auto, (max-width: 618px) 100vw, 618px\" \/><\/a>\n\t\t\t<\/div><\/figure>\n\t\t<\/div>\n\n","protected":false},"excerpt":{"rendered":"<p>\u0130STANBUL (SANA) &#8211; Halep Ticaret Odas\u0131 Ba\u015fkan\u0131 Muhammed Said \u015eeyh El Kar, \u0130stanbul&#8217;da M\u00fcstakil Sanayiciler ve \u0130\u015f Adamlar\u0131 Derne\u011fi (M\u00dcS\u0130AD) \u00fcyeleriyle bir araya gelerek, \u00f6zellikle yeniden yap\u0131lanma s\u00fcrecinde Suriye ile T\u00fcrkiye aras\u0131ndaki ekonomik ve yat\u0131r\u0131m i\u015f birli\u011fini art\u0131rma yollar\u0131n\u0131 g\u00f6r\u00fc\u015ft\u00fc. G\u00f6r\u00fc\u015fmede, Suriye&#8217;de mevcut yat\u0131r\u0131m f\u0131rsatlar\u0131 ve \u00f6n\u00fcm\u00fczdeki d\u00f6nemde yat\u0131r\u0131m ortam\u0131n\u0131 daha cazip hale getirecek olan &hellip;<\/p>\n","protected":false},"author":44,"featured_media":325331,"comment_status":"closed","ping_status":"closed","sticky":false,"template":"","format":"standard","meta":{"footnotes":""},"categories":[589,17988,2554,2555],"tags":[43743,44046],"class_list":["post-325330","post","type-post","status-publish","format-standard","has-post-thumbnail","","category-haber-seridi","category-son-haberler","category-suriye-ve-dunya","category-suriye-ve-turkiye","tag-halep-ticaret-odasi","tag-istanbuldaki-musiad-dernegi-ile-ekonomik-isbirligini-artirmayi-gorustu"],"_links":{"self":[{"href":"https:\/\/archive.sana.sy\/tr\/index.php?rest_route=\/wp\/v2\/posts\/325330","targetHints":{"allow":["GET"]}}],"collection":[{"href":"https:\/\/archive.sana.sy\/tr\/index.php?rest_route=\/wp\/v2\/posts"}],"about":[{"href":"https:\/\/archive.sana.sy\/tr\/index.php?rest_route=\/wp\/v2\/types\/post"}],"author":[{"embeddable":true,"href":"https:\/\/archive.sana.sy\/tr\/index.php?rest_route=\/wp\/v2\/users\/44"}],"replies":[{"embeddable":true,"href":"https:\/\/archive.sana.sy\/tr\/index.php?rest_route=%2Fwp%2Fv2%2Fcomments&post=325330"}],"version-history":[{"count":1,"href":"https:\/\/archive.sana.sy\/tr\/index.php?rest_route=\/wp\/v2\/posts\/325330\/revisions"}],"predecessor-version":[{"id":325338,"href":"https:\/\/archive.sana.sy\/tr\/index.php?rest_route=\/wp\/v2\/posts\/325330\/revisions\/325338"}],"wp:featuredmedia":[{"embeddable":true,"href":"https:\/\/archive.sana.sy\/tr\/index.php?rest_route=\/wp\/v2\/media\/325331"}],"wp:attachment":[{"href":"https:\/\/archive.sana.sy\/tr\/index.php?rest_route=%2Fwp%2Fv2%2Fmedia&parent=325330"}],"wp:term":[{"taxonomy":"category","embeddable":true,"href":"https:\/\/archive.sana.sy\/tr\/index.php?rest_route=%2Fwp%2Fv2%2Fcategories&post=325330"},{"taxonomy":"post_tag","embeddable":true,"href":"https:\/\/archive.sana.sy\/tr\/index.php?rest_route=%2Fwp%2Fv2%2Ftags&post=325330"}],"curies":[{"name":"wp","href":"https:\/\/api.w.org\/{rel}","templated":true}]}}