{"id":325339,"date":"2025-07-12T12:23:36","date_gmt":"2025-07-12T09:23:36","guid":{"rendered":"https:\/\/sana.sy\/tr\/?p=325339"},"modified":"2025-07-12T15:37:04","modified_gmt":"2025-07-12T12:37:04","slug":"katar-suriye-kiyilarindaki-yanginlari-sondurme-calismalarina-destek-olmak-icin-ozel-helikopterler-gonderdi","status":"publish","type":"post","link":"https:\/\/archive.sana.sy\/tr\/?p=325339","title":{"rendered":"Katar, Suriye K\u0131y\u0131lar\u0131ndaki Yang\u0131nlar\u0131 S\u00f6nd\u00fcrme \u00c7al\u0131\u015fmalar\u0131na Destek Olmak \u0130\u00e7in \u00d6zel Helikopterler G\u00f6nderdi"},"content":{"rendered":"<p style=\"text-align: justify;\"><span style=\"color: #800000;\"><strong>\u015eAM (SANA) &#8211;<\/strong><\/span> Suriye Acil Durum ve Afet Y\u00f6netimi Bakan\u0131 Raid El Salih, karde\u015f Katar Devleti ve Katar \u0130\u00e7 G\u00fcvenlik G\u00fcc\u00fc (Lekhwiya) Uluslararas\u0131 Arama Kurtarma Grubu&#8217;na, Lazkiye k\u0131rsal\u0131ndaki orman yang\u0131nlar\u0131n\u0131 s\u00f6nd\u00fcrme \u00e7al\u0131\u015fmalar\u0131na destek olmak \u00fczere yang\u0131n s\u00f6nd\u00fcrme helikopterleri, itfaiye ara\u00e7lar\u0131 ve 138 personel ta\u015f\u0131yan be\u015f u\u00e7ak g\u00f6nderdikleri i\u00e7in te\u015fekk\u00fcr etti.<\/p>\n<p style=\"text-align: justify;\">El Salih, X platformunda yapt\u0131\u011f\u0131 payla\u015f\u0131mda \u015funlar\u0131s\u00f6yledi: &#8221;Katar&#8217;dan ilk ekipler bu sabah, Cumartesi g\u00fcn\u00fc Halep Uluslararas\u0131 Havaliman\u0131&#8217;na ula\u015ft\u0131 ve Lazkiye k\u0131rsal\u0131ndaki yang\u0131n b\u00f6lgelerine do\u011fru yola \u00e7\u0131kt\u0131.&#8221;<\/p>\n<p style=\"text-align: justify;\">El Salih ayr\u0131ca, &#8221;Suriye ve Katar halklar\u0131 aras\u0131ndaki karde\u015flik ba\u011flar\u0131n\u0131n derinli\u011fini yans\u0131tan bu asil insani kat\u0131l\u0131m\u0131 b\u00fcy\u00fck \u00f6nemsiyoruz&#8221; ifadelerini kulland\u0131.<\/p>\n","protected":false},"excerpt":{"rendered":"<p>\u015eAM (SANA) &#8211; Suriye Acil Durum ve Afet Y\u00f6netimi Bakan\u0131 Raid El Salih, karde\u015f Katar Devleti ve Katar \u0130\u00e7 G\u00fcvenlik G\u00fcc\u00fc (Lekhwiya) Uluslararas\u0131 Arama Kurtarma Grubu&#8217;na, Lazkiye k\u0131rsal\u0131ndaki orman yang\u0131nlar\u0131n\u0131 s\u00f6nd\u00fcrme \u00e7al\u0131\u015fmalar\u0131na destek olmak \u00fczere yang\u0131n s\u00f6nd\u00fcrme helikopterleri, itfaiye ara\u00e7lar\u0131 ve 138 personel ta\u015f\u0131yan be\u015f u\u00e7ak g\u00f6nderdikleri i\u00e7in te\u015fekk\u00fcr etti. El Salih, X platformunda yapt\u0131\u011f\u0131 &hellip;<\/p>\n","protected":false},"author":44,"featured_media":0,"comment_status":"closed","ping_status":"closed","sticky":false,"template":"","format":"standard","meta":{"footnotes":""},"categories":[589,479,478],"tags":[3946,44047],"class_list":["post-325339","post","type-post","status-publish","format-standard","","category-haber-seridi","category-haberler-yerel","category-yerel","tag-katar","tag-suriye-kiyilarindaki-yanginlari-sondurme-calismalarina-destek-olmak-icin-ozel-helikopterler-gonderdi"],"_links":{"self":[{"href":"https:\/\/archive.sana.sy\/tr\/index.php?rest_route=\/wp\/v2\/posts\/325339","targetHints":{"allow":["GET"]}}],"collection":[{"href":"https:\/\/archive.sana.sy\/tr\/index.php?rest_route=\/wp\/v2\/posts"}],"about":[{"href":"https:\/\/archive.sana.sy\/tr\/index.php?rest_route=\/wp\/v2\/types\/post"}],"author":[{"embeddable":true,"href":"https:\/\/archive.sana.sy\/tr\/index.php?rest_route=\/wp\/v2\/users\/44"}],"replies":[{"embeddable":true,"href":"https:\/\/archive.sana.sy\/tr\/index.php?rest_route=%2Fwp%2Fv2%2Fcomments&post=325339"}],"version-history":[{"count":1,"href":"https:\/\/archive.sana.sy\/tr\/index.php?rest_route=\/wp\/v2\/posts\/325339\/revisions"}],"predecessor-version":[{"id":325340,"href":"https:\/\/archive.sana.sy\/tr\/index.php?rest_route=\/wp\/v2\/posts\/325339\/revisions\/325340"}],"wp:attachment":[{"href":"https:\/\/archive.sana.sy\/tr\/index.php?rest_route=%2Fwp%2Fv2%2Fmedia&parent=325339"}],"wp:term":[{"taxonomy":"category","embeddable":true,"href":"https:\/\/archive.sana.sy\/tr\/index.php?rest_route=%2Fwp%2Fv2%2Fcategories&post=325339"},{"taxonomy":"post_tag","embeddable":true,"href":"https:\/\/archive.sana.sy\/tr\/index.php?rest_route=%2Fwp%2Fv2%2Ftags&post=325339"}],"curies":[{"name":"wp","href":"https:\/\/api.w.org\/{rel}","templated":true}]}}