{"id":325341,"date":"2025-07-12T11:30:30","date_gmt":"2025-07-12T08:30:30","guid":{"rendered":"https:\/\/sana.sy\/tr\/?p=325341"},"modified":"2025-07-12T12:43:32","modified_gmt":"2025-07-12T09:43:32","slug":"suriyenin-kiyi-daglarinda-cikan-yanginlar-nedeniyle-kasab-sinir-kapisi-turkiye-tarafindan-gecici-olarak-kapatildi","status":"publish","type":"post","link":"https:\/\/archive.sana.sy\/tr\/?p=325341","title":{"rendered":"Suriye&#8217;nin K\u0131y\u0131 Da\u011flar\u0131nda \u00c7\u0131kan Yang\u0131nlar Nedeniyle &#8230;\u00a0 Kasab S\u0131n\u0131r Kap\u0131s\u0131 T\u00fcrkiye Taraf\u0131ndan Ge\u00e7ici Olarak Kapat\u0131ld\u0131."},"content":{"rendered":"<p style=\"text-align: justify;\"><span style=\"color: #800000;\"><strong>\u015eAM\u00a0 (SANA)<\/strong> &#8211;<\/span> Kara ve Deniz Limanlar\u0131 Genel M\u00fcd\u00fcrl\u00fc\u011f\u00fc Halkla \u0130li\u015fkiler M\u00fcd\u00fcr\u00fc Mazen Allu\u015f, Lazkiye k\u0131rsal\u0131ndaki Kasab s\u0131n\u0131r kap\u0131s\u0131n\u0131n T\u00fcrk taraf\u0131ndan ge\u00e7ici olarak kapat\u0131ld\u0131\u011f\u0131n\u0131 duyurdu.<\/p>\n<p style=\"text-align: justify;\">Allu\u015f, X platformunda yapt\u0131\u011f\u0131 payla\u015f\u0131mda \u015funlar\u0131 s\u00f6yledi: \u2018\u2019Kasab s\u0131n\u0131r kap\u0131s\u0131ndan ge\u00e7en vatanda\u015flar\u0131m\u0131za not: K\u0131y\u0131 da\u011flar\u0131nda \u00e7\u0131kan yang\u0131nlar ve s\u0131n\u0131r b\u00f6lgesine yak\u0131nl\u0131\u011f\u0131 nedeniyle, Kasab s\u0131n\u0131r kap\u0131s\u0131n\u0131n T\u00fcrk taraf\u0131nda ge\u00e7ici olarak kapat\u0131ld\u0131\u011f\u0131n\u0131 bildiriyoruz.\u2019\u2019<\/p>\n<p style=\"text-align: justify;\">Allu\u015f \u00a0ayr\u0131ca, &#8221;Bu acil durum \u00f6nlemi konusunda anlay\u0131\u015f\u0131n\u0131z\u0131 rica ediyoruz. Allah&#8217;tan Lazkiye k\u0131rsal\u0131ndaki halk\u0131m\u0131z\u0131 korumas\u0131n\u0131, yang\u0131nlar\u0131 s\u00f6nd\u00fcrmesini ve herkesin ac\u0131s\u0131n\u0131 dindirmesini diliyoruz&#8221; ifadelerini kulland\u0131.<\/p>\n<p style=\"text-align: justify;\">\n","protected":false},"excerpt":{"rendered":"<p>\u015eAM\u00a0 (SANA) &#8211; Kara ve Deniz Limanlar\u0131 Genel M\u00fcd\u00fcrl\u00fc\u011f\u00fc Halkla \u0130li\u015fkiler M\u00fcd\u00fcr\u00fc Mazen Allu\u015f, Lazkiye k\u0131rsal\u0131ndaki Kasab s\u0131n\u0131r kap\u0131s\u0131n\u0131n T\u00fcrk taraf\u0131ndan ge\u00e7ici olarak kapat\u0131ld\u0131\u011f\u0131n\u0131 duyurdu. Allu\u015f, X platformunda yapt\u0131\u011f\u0131 payla\u015f\u0131mda \u015funlar\u0131 s\u00f6yledi: \u2018\u2019Kasab s\u0131n\u0131r kap\u0131s\u0131ndan ge\u00e7en vatanda\u015flar\u0131m\u0131za not: K\u0131y\u0131 da\u011flar\u0131nda \u00e7\u0131kan yang\u0131nlar ve s\u0131n\u0131r b\u00f6lgesine yak\u0131nl\u0131\u011f\u0131 nedeniyle, Kasab s\u0131n\u0131r kap\u0131s\u0131n\u0131n T\u00fcrk taraf\u0131nda ge\u00e7ici olarak kapat\u0131ld\u0131\u011f\u0131n\u0131 &hellip;<\/p>\n","protected":false},"author":44,"featured_media":325342,"comment_status":"closed","ping_status":"closed","sticky":false,"template":"","format":"standard","meta":{"footnotes":""},"categories":[589,479,17988,478],"tags":[44048],"class_list":["post-325341","post","type-post","status-publish","format-standard","has-post-thumbnail","","category-haber-seridi","category-haberler-yerel","category-son-haberler","category-yerel","tag-suriyenin-kiyi-daglarinda-cikan-yanginlar-nedeniyle-kasab-sinir-kapisi-turkiye-tarafindan-gecici-olarak-kapatildi"],"_links":{"self":[{"href":"https:\/\/archive.sana.sy\/tr\/index.php?rest_route=\/wp\/v2\/posts\/325341","targetHints":{"allow":["GET"]}}],"collection":[{"href":"https:\/\/archive.sana.sy\/tr\/index.php?rest_route=\/wp\/v2\/posts"}],"about":[{"href":"https:\/\/archive.sana.sy\/tr\/index.php?rest_route=\/wp\/v2\/types\/post"}],"author":[{"embeddable":true,"href":"https:\/\/archive.sana.sy\/tr\/index.php?rest_route=\/wp\/v2\/users\/44"}],"replies":[{"embeddable":true,"href":"https:\/\/archive.sana.sy\/tr\/index.php?rest_route=%2Fwp%2Fv2%2Fcomments&post=325341"}],"version-history":[{"count":1,"href":"https:\/\/archive.sana.sy\/tr\/index.php?rest_route=\/wp\/v2\/posts\/325341\/revisions"}],"predecessor-version":[{"id":325343,"href":"https:\/\/archive.sana.sy\/tr\/index.php?rest_route=\/wp\/v2\/posts\/325341\/revisions\/325343"}],"wp:featuredmedia":[{"embeddable":true,"href":"https:\/\/archive.sana.sy\/tr\/index.php?rest_route=\/wp\/v2\/media\/325342"}],"wp:attachment":[{"href":"https:\/\/archive.sana.sy\/tr\/index.php?rest_route=%2Fwp%2Fv2%2Fmedia&parent=325341"}],"wp:term":[{"taxonomy":"category","embeddable":true,"href":"https:\/\/archive.sana.sy\/tr\/index.php?rest_route=%2Fwp%2Fv2%2Fcategories&post=325341"},{"taxonomy":"post_tag","embeddable":true,"href":"https:\/\/archive.sana.sy\/tr\/index.php?rest_route=%2Fwp%2Fv2%2Ftags&post=325341"}],"curies":[{"name":"wp","href":"https:\/\/api.w.org\/{rel}","templated":true}]}}