{"id":325344,"date":"2025-07-12T13:26:27","date_gmt":"2025-07-12T10:26:27","guid":{"rendered":"https:\/\/sana.sy\/tr\/?p=325344"},"modified":"2025-07-12T14:31:21","modified_gmt":"2025-07-12T11:31:21","slug":"barrack-suriyeye-yonelik-yaptirimlarin-kaldirilmasi-ulke-icin-yeni-bir-stratejik-baslangictir","status":"publish","type":"post","link":"https:\/\/archive.sana.sy\/tr\/?p=325344","title":{"rendered":"Barrack: Suriye&#8217;ye Y\u00f6nelik Yapt\u0131r\u0131mlar\u0131n Kald\u0131r\u0131lmas\u0131 \u00dclke \u0130\u00e7in Yeni Bir Stratejik Ba\u015flang\u0131\u00e7t\u0131r"},"content":{"rendered":"<p style=\"text-align: justify;\"><span style=\"color: #800000;\"><strong>NEW YORK (SANA) &#8211;<\/strong><\/span> ABD&#8217;nin Suriye \u00d6zel Temsilcisi Thomas Barrack, ABD&#8217;nin Suriye&#8217;ye uygulad\u0131\u011f\u0131 yapt\u0131r\u0131mlar\u0131n kald\u0131r\u0131lmas\u0131n\u0131n \u00fclke i\u00e7in stratejik bir &#8220;yeni ba\u015flang\u0131\u00e7&#8221; anlam\u0131na geldi\u011fini belirterek, \u00fclkesinin her t\u00fcrl\u00fc b\u00f6l\u00fcnme ve federalizmi reddetti\u011fini yineledi.<\/p>\n<p style=\"text-align: justify;\">Arab News&#8217;e a\u00e7\u0131klamalarda bulunan Barrack, &#8220;Trump y\u00f6netiminin 13 May\u0131s&#8217;ta yapt\u0131r\u0131mlar\u0131 kald\u0131rmas\u0131, on y\u0131l\u0131 a\u015fk\u0131n s\u00fcren sava\u015f\u0131n ard\u0131ndan Suriye halk\u0131na yeni bir umut vermeyi ama\u00e7l\u0131yordu&#8221; diyerek, Orta Do\u011fu&#8217;yu &#8220;tarihin \u015fa\u015f\u0131rt\u0131c\u0131 bir d\u00f6neminde zorlu bir posta kodu&#8221; olarak nitelendirdi.<\/p>\n<p style=\"text-align: justify;\">&#8220;Ba\u015fkan Trump&#8217;\u0131n mesaj\u0131 bar\u0131\u015f ve refaht\u0131r&#8221; diyen ABD el\u00e7isi, bu politika de\u011fi\u015fikli\u011finin, yeni Suriye y\u00f6netimine devleti yeniden in\u015fa etme \u015fans\u0131 vermeyi ama\u00e7lad\u0131\u011f\u0131n\u0131 belirtti ve \u00a0ABD&#8217;nin Suriye&#8217;ye m\u00fcdahalesinin ba\u015flang\u0131\u00e7ta I\u015e\u0130D ile m\u00fccadeleyi ama\u00e7lad\u0131\u011f\u0131n\u0131 vurgulad\u0131.<\/p>\n<p style=\"text-align: justify;\">Barrack ay\u0131ca, Washington&#8217;\u0131n Suriye&#8217;de &#8220;federal model&#8221; uygulanmas\u0131n\u0131 reddeden tutumunu yineledi ve \u00fclkenin tek bir ordu ve tek bir h\u00fck\u00fcmetle kalmas\u0131 gerekti\u011fini kaydetti.<\/p>\n","protected":false},"excerpt":{"rendered":"<p>NEW YORK (SANA) &#8211; ABD&#8217;nin Suriye \u00d6zel Temsilcisi Thomas Barrack, ABD&#8217;nin Suriye&#8217;ye uygulad\u0131\u011f\u0131 yapt\u0131r\u0131mlar\u0131n kald\u0131r\u0131lmas\u0131n\u0131n \u00fclke i\u00e7in stratejik bir &#8220;yeni ba\u015flang\u0131\u00e7&#8221; anlam\u0131na geldi\u011fini belirterek, \u00fclkesinin her t\u00fcrl\u00fc b\u00f6l\u00fcnme ve federalizmi reddetti\u011fini yineledi. Arab News&#8217;e a\u00e7\u0131klamalarda bulunan Barrack, &#8220;Trump y\u00f6netiminin 13 May\u0131s&#8217;ta yapt\u0131r\u0131mlar\u0131 kald\u0131rmas\u0131, on y\u0131l\u0131 a\u015fk\u0131n s\u00fcren sava\u015f\u0131n ard\u0131ndan Suriye halk\u0131na yeni bir umut vermeyi &hellip;<\/p>\n","protected":false},"author":44,"featured_media":325345,"comment_status":"closed","ping_status":"closed","sticky":false,"template":"","format":"standard","meta":{"footnotes":""},"categories":[458,589,459,17988],"tags":[44049],"class_list":["post-325344","post","type-post","status-publish","format-standard","has-post-thumbnail","","category-dunya1","category-haber-seridi","category-haberler-arap-uluslararasi-politika","category-son-haberler","tag-barrack-suriyeye-yonelik-yaptirimlarin-kaldirilmasi-ulke-icin-yeni-bir-stratejik-baslangictir"],"_links":{"self":[{"href":"https:\/\/archive.sana.sy\/tr\/index.php?rest_route=\/wp\/v2\/posts\/325344","targetHints":{"allow":["GET"]}}],"collection":[{"href":"https:\/\/archive.sana.sy\/tr\/index.php?rest_route=\/wp\/v2\/posts"}],"about":[{"href":"https:\/\/archive.sana.sy\/tr\/index.php?rest_route=\/wp\/v2\/types\/post"}],"author":[{"embeddable":true,"href":"https:\/\/archive.sana.sy\/tr\/index.php?rest_route=\/wp\/v2\/users\/44"}],"replies":[{"embeddable":true,"href":"https:\/\/archive.sana.sy\/tr\/index.php?rest_route=%2Fwp%2Fv2%2Fcomments&post=325344"}],"version-history":[{"count":3,"href":"https:\/\/archive.sana.sy\/tr\/index.php?rest_route=\/wp\/v2\/posts\/325344\/revisions"}],"predecessor-version":[{"id":325356,"href":"https:\/\/archive.sana.sy\/tr\/index.php?rest_route=\/wp\/v2\/posts\/325344\/revisions\/325356"}],"wp:featuredmedia":[{"embeddable":true,"href":"https:\/\/archive.sana.sy\/tr\/index.php?rest_route=\/wp\/v2\/media\/325345"}],"wp:attachment":[{"href":"https:\/\/archive.sana.sy\/tr\/index.php?rest_route=%2Fwp%2Fv2%2Fmedia&parent=325344"}],"wp:term":[{"taxonomy":"category","embeddable":true,"href":"https:\/\/archive.sana.sy\/tr\/index.php?rest_route=%2Fwp%2Fv2%2Fcategories&post=325344"},{"taxonomy":"post_tag","embeddable":true,"href":"https:\/\/archive.sana.sy\/tr\/index.php?rest_route=%2Fwp%2Fv2%2Ftags&post=325344"}],"curies":[{"name":"wp","href":"https:\/\/api.w.org\/{rel}","templated":true}]}}