{"id":325357,"date":"2025-07-12T14:41:10","date_gmt":"2025-07-12T11:41:10","guid":{"rendered":"https:\/\/sana.sy\/tr\/?p=325357"},"modified":"2025-07-12T14:41:10","modified_gmt":"2025-07-12T11:41:10","slug":"katar-yardimlari-lazkiye-yanginlarini-sondurme-calismalarina-destek-olmak-uzere-halep-havalimanina-ulasti","status":"publish","type":"post","link":"https:\/\/archive.sana.sy\/tr\/?p=325357","title":{"rendered":"Katar Yard\u0131mlar\u0131, Lazkiye Yang\u0131nlar\u0131n\u0131 S\u00f6nd\u00fcrme \u00c7al\u0131\u015fmalar\u0131na Destek Olmak \u00dczere Halep Havaliman\u0131&#8217;na Ula\u015ft\u0131"},"content":{"rendered":"<p style=\"text-align: justify;\"><span style=\"color: #ff0000;\"><strong>HALEP (SANA)<\/strong><\/span> &#8211; Lazkiye k\u0131rsal\u0131nda on g\u00fcnd\u00fcr devam eden orman yang\u0131nlar\u0131yla m\u00fccadelede Suriye Acil Durum ve Afet Y\u00f6netimi Bakanl\u0131\u011f\u0131&#8217;n\u0131n \u00e7abalar\u0131n\u0131 desteklemek \u00fczere ilk Katar yard\u0131m grubu bug\u00fcn Halep Uluslararas\u0131 Havaliman\u0131&#8217;na ula\u015ft\u0131.<\/p>\n<p style=\"text-align: justify;\"><img loading=\"lazy\" decoding=\"async\" class=\"size-full wp-image-325359 alignright\" src=\"http:\/\/sana.sy\/tr\/wp-content\/uploads\/2025\/07\/\u0646\u0646-1-300x168-1.jpg\" alt=\"\" width=\"300\" height=\"168\" \/>Suriye Sivil Havac\u0131l\u0131k Otoritesi, SANA&#8217;ya yapt\u0131\u011f\u0131 a\u00e7\u0131klamada \u015funlar\u0131 belirtti: \u2018\u2019Yard\u0131m sevkiyat\u0131na, Katar Savunma Bakanl\u0131\u011f\u0131 Hava Kuvvetleri&#8217;ne ba\u011fl\u0131 yang\u0131n s\u00f6nd\u00fcrme operasyonlar\u0131na tahsis edilmi\u015f iki helikopter de dahil olmak \u00fczere, kara ve hava yard\u0131m\u0131 ta\u015f\u0131yan alt\u0131 u\u00e7aktan \u00fc\u00e7\u00fc, ayr\u0131ca \u00e7ok say\u0131da itfaiye arac\u0131, ambulans ve lojistik destek ekipman\u0131 kat\u0131ld\u0131.\u2019\u2019<\/p>\n<p style=\"text-align: justify;\">Yetkililer, Katar \u0130\u00e7i\u015fleri Bakanl\u0131\u011f\u0131&#8217;na ba\u011fl\u0131 Katar Sivil Savunma (Lekhwiya) ekiplerinden 100 ki\u015filik bir saha ekibinin yan\u0131 s\u0131ra Katar Uluslararas\u0131 Arama Kurtarma Grubu&#8217;ndan bir ekibin de b\u00f6lgeye geldi\u011fini bildirdi.<\/p>\n<div id='gallery-1' class='gallery galleryid-325357 gallery-columns-2 gallery-size-thumbnail'><figure class='gallery-item'>\n\t\t\t<div class='gallery-icon landscape'>\n\t\t\t\t<a href='https:\/\/archive.sana.sy\/tr\/?attachment_id=325360'><img loading=\"lazy\" decoding=\"async\" width=\"150\" height=\"150\" src=\"https:\/\/archive.sana.sy\/tr\/wp-content\/uploads\/2025\/07\/1-12-150x150.jpg\" class=\"attachment-thumbnail size-thumbnail\" alt=\"\" \/><\/a>\n\t\t\t<\/div><\/figure><figure class='gallery-item'>\n\t\t\t<div class='gallery-icon landscape'>\n\t\t\t\t<a href='https:\/\/archive.sana.sy\/tr\/?attachment_id=325361'><img loading=\"lazy\" decoding=\"async\" width=\"150\" height=\"150\" src=\"https:\/\/archive.sana.sy\/tr\/wp-content\/uploads\/2025\/07\/2-13-150x150.jpg\" class=\"attachment-thumbnail size-thumbnail\" alt=\"\" \/><\/a>\n\t\t\t<\/div><\/figure><figure class='gallery-item'>\n\t\t\t<div class='gallery-icon landscape'>\n\t\t\t\t<a href='https:\/\/archive.sana.sy\/tr\/?attachment_id=325362'><img loading=\"lazy\" decoding=\"async\" width=\"150\" height=\"150\" src=\"https:\/\/archive.sana.sy\/tr\/wp-content\/uploads\/2025\/07\/3-11-150x150.jpg\" class=\"attachment-thumbnail size-thumbnail\" alt=\"\" \/><\/a>\n\t\t\t<\/div><\/figure><figure class='gallery-item'>\n\t\t\t<div class='gallery-icon landscape'>\n\t\t\t\t<a href='https:\/\/archive.sana.sy\/tr\/?attachment_id=325363'><img loading=\"lazy\" decoding=\"async\" width=\"150\" height=\"150\" src=\"https:\/\/archive.sana.sy\/tr\/wp-content\/uploads\/2025\/07\/4-6-150x150.jpg\" class=\"attachment-thumbnail size-thumbnail\" alt=\"\" \/><\/a>\n\t\t\t<\/div><\/figure>\n\t\t<\/div>\n\n","protected":false},"excerpt":{"rendered":"<p>HALEP (SANA) &#8211; Lazkiye k\u0131rsal\u0131nda on g\u00fcnd\u00fcr devam eden orman yang\u0131nlar\u0131yla m\u00fccadelede Suriye Acil Durum ve Afet Y\u00f6netimi Bakanl\u0131\u011f\u0131&#8217;n\u0131n \u00e7abalar\u0131n\u0131 desteklemek \u00fczere ilk Katar yard\u0131m grubu bug\u00fcn Halep Uluslararas\u0131 Havaliman\u0131&#8217;na ula\u015ft\u0131. Suriye Sivil Havac\u0131l\u0131k Otoritesi, SANA&#8217;ya yapt\u0131\u011f\u0131 a\u00e7\u0131klamada \u015funlar\u0131 belirtti: \u2018\u2019Yard\u0131m sevkiyat\u0131na, Katar Savunma Bakanl\u0131\u011f\u0131 Hava Kuvvetleri&#8217;ne ba\u011fl\u0131 yang\u0131n s\u00f6nd\u00fcrme operasyonlar\u0131na tahsis edilmi\u015f iki helikopter &hellip;<\/p>\n","protected":false},"author":41,"featured_media":325358,"comment_status":"closed","ping_status":"closed","sticky":false,"template":"","format":"standard","meta":{"footnotes":""},"categories":[589,479,17988,478],"tags":[],"class_list":["post-325357","post","type-post","status-publish","format-standard","has-post-thumbnail","","category-haber-seridi","category-haberler-yerel","category-son-haberler","category-yerel"],"_links":{"self":[{"href":"https:\/\/archive.sana.sy\/tr\/index.php?rest_route=\/wp\/v2\/posts\/325357","targetHints":{"allow":["GET"]}}],"collection":[{"href":"https:\/\/archive.sana.sy\/tr\/index.php?rest_route=\/wp\/v2\/posts"}],"about":[{"href":"https:\/\/archive.sana.sy\/tr\/index.php?rest_route=\/wp\/v2\/types\/post"}],"author":[{"embeddable":true,"href":"https:\/\/archive.sana.sy\/tr\/index.php?rest_route=\/wp\/v2\/users\/41"}],"replies":[{"embeddable":true,"href":"https:\/\/archive.sana.sy\/tr\/index.php?rest_route=%2Fwp%2Fv2%2Fcomments&post=325357"}],"version-history":[{"count":1,"href":"https:\/\/archive.sana.sy\/tr\/index.php?rest_route=\/wp\/v2\/posts\/325357\/revisions"}],"predecessor-version":[{"id":325364,"href":"https:\/\/archive.sana.sy\/tr\/index.php?rest_route=\/wp\/v2\/posts\/325357\/revisions\/325364"}],"wp:featuredmedia":[{"embeddable":true,"href":"https:\/\/archive.sana.sy\/tr\/index.php?rest_route=\/wp\/v2\/media\/325358"}],"wp:attachment":[{"href":"https:\/\/archive.sana.sy\/tr\/index.php?rest_route=%2Fwp%2Fv2%2Fmedia&parent=325357"}],"wp:term":[{"taxonomy":"category","embeddable":true,"href":"https:\/\/archive.sana.sy\/tr\/index.php?rest_route=%2Fwp%2Fv2%2Fcategories&post=325357"},{"taxonomy":"post_tag","embeddable":true,"href":"https:\/\/archive.sana.sy\/tr\/index.php?rest_route=%2Fwp%2Fv2%2Ftags&post=325357"}],"curies":[{"name":"wp","href":"https:\/\/api.w.org\/{rel}","templated":true}]}}