{"id":325369,"date":"2025-07-12T16:03:55","date_gmt":"2025-07-12T13:03:55","guid":{"rendered":"https:\/\/sana.sy\/tr\/?p=325369"},"modified":"2025-07-12T16:03:55","modified_gmt":"2025-07-12T13:03:55","slug":"erdogan-suriye-hukumeti-ve-uluslararasi-ortaklarla-koordinasyonu-surdurecegiz","status":"publish","type":"post","link":"https:\/\/archive.sana.sy\/tr\/?p=325369","title":{"rendered":"Erdo\u011fan: Suriye H\u00fck\u00fcmeti Ve Uluslararas\u0131 Ortaklarla Koordinasyonu S\u00fcrd\u00fcrece\u011fiz"},"content":{"rendered":"<p style=\"text-align: justify;\"><span style=\"color: #ff0000;\"><strong>ANKARA (SANA)<\/strong> <\/span>&#8211;\u00a0 T\u00fcrkiye Cumhurba\u015fkan\u0131 Recep Tayyip Erdo\u011fan, \u00fclkesinin b\u00f6lgesel konularda Suriye h\u00fck\u00fcmeti ve uluslararas\u0131 ortaklarla \u00e7al\u0131\u015fmaya ve koordinasyon sa\u011flamaya devam edece\u011fini belirtti.<\/p>\n<p style=\"text-align: justify;\">Anadolu Ajans\u0131, iktidardaki Adalet ve Kalk\u0131nma Partisi&#8217;nin (AKP) bug\u00fcn ba\u015fkent Ankara&#8217;da d\u00fczenledi\u011fi isti\u015fare toplant\u0131s\u0131nda Erdo\u011fan&#8217;\u0131n \u015fu ifadelerini kulland\u0131\u011f\u0131n\u0131 aktard\u0131: &#8220;Suriye h\u00fck\u00fcmeti ve uluslararas\u0131 ortaklar\u0131m\u0131zla \u00e7al\u0131\u015fmaya devam edece\u011fiz ve ter\u00f6r sayfas\u0131n\u0131n orada da kapanaca\u011f\u0131na ve karde\u015fli\u011fin galip gelece\u011fine inan\u0131yorum.&#8221;<\/p>\n<p style=\"text-align: justify;\">Cumhurba\u015fkan\u0131 Erdo\u011fan, &#8220;Ter\u00f6r belas\u0131 son safhas\u0131na girerken, bug\u00fcn b\u00fcy\u00fck ve g\u00fc\u00e7l\u00fc bir T\u00fcrkiye&#8217;nin do\u011fu\u015fu ba\u015fl\u0131yor&#8221; diyerek, ter\u00f6rizmin sona ermesiyle T\u00fcrkiye&#8217;nin eskisinden daha g\u00fc\u00e7l\u00fc ve \u00f6zg\u00fcvenli hale gelece\u011fini kaydetti.<\/p>\n<p style=\"text-align: justify;\">T\u00fcrkiye Cumhurba\u015fkan\u0131 ayr\u0131ca, \u00fclkesinin, analar\u0131n kan ve g\u00f6zya\u015flar\u0131n\u0131 sona erdirecek, ac\u0131lar\u0131 dindirecek ve kendi ifadesiyle karde\u015fli\u011fi peki\u015ftirecek t\u00fcm giri\u015fimleri yak\u0131ndan takip etti\u011fini vurgulad\u0131.<\/p>\n","protected":false},"excerpt":{"rendered":"<p>ANKARA (SANA) &#8211;\u00a0 T\u00fcrkiye Cumhurba\u015fkan\u0131 Recep Tayyip Erdo\u011fan, \u00fclkesinin b\u00f6lgesel konularda Suriye h\u00fck\u00fcmeti ve uluslararas\u0131 ortaklarla \u00e7al\u0131\u015fmaya ve koordinasyon sa\u011flamaya devam edece\u011fini belirtti. Anadolu Ajans\u0131, iktidardaki Adalet ve Kalk\u0131nma Partisi&#8217;nin (AKP) bug\u00fcn ba\u015fkent Ankara&#8217;da d\u00fczenledi\u011fi isti\u015fare toplant\u0131s\u0131nda Erdo\u011fan&#8217;\u0131n \u015fu ifadelerini kulland\u0131\u011f\u0131n\u0131 aktard\u0131: &#8220;Suriye h\u00fck\u00fcmeti ve uluslararas\u0131 ortaklar\u0131m\u0131zla \u00e7al\u0131\u015fmaya devam edece\u011fiz ve ter\u00f6r sayfas\u0131n\u0131n orada da &hellip;<\/p>\n","protected":false},"author":41,"featured_media":325370,"comment_status":"closed","ping_status":"closed","sticky":false,"template":"","format":"standard","meta":{"footnotes":""},"categories":[589,17988,2554,2555],"tags":[],"class_list":["post-325369","post","type-post","status-publish","format-standard","has-post-thumbnail","","category-haber-seridi","category-son-haberler","category-suriye-ve-dunya","category-suriye-ve-turkiye"],"_links":{"self":[{"href":"https:\/\/archive.sana.sy\/tr\/index.php?rest_route=\/wp\/v2\/posts\/325369","targetHints":{"allow":["GET"]}}],"collection":[{"href":"https:\/\/archive.sana.sy\/tr\/index.php?rest_route=\/wp\/v2\/posts"}],"about":[{"href":"https:\/\/archive.sana.sy\/tr\/index.php?rest_route=\/wp\/v2\/types\/post"}],"author":[{"embeddable":true,"href":"https:\/\/archive.sana.sy\/tr\/index.php?rest_route=\/wp\/v2\/users\/41"}],"replies":[{"embeddable":true,"href":"https:\/\/archive.sana.sy\/tr\/index.php?rest_route=%2Fwp%2Fv2%2Fcomments&post=325369"}],"version-history":[{"count":1,"href":"https:\/\/archive.sana.sy\/tr\/index.php?rest_route=\/wp\/v2\/posts\/325369\/revisions"}],"predecessor-version":[{"id":325371,"href":"https:\/\/archive.sana.sy\/tr\/index.php?rest_route=\/wp\/v2\/posts\/325369\/revisions\/325371"}],"wp:featuredmedia":[{"embeddable":true,"href":"https:\/\/archive.sana.sy\/tr\/index.php?rest_route=\/wp\/v2\/media\/325370"}],"wp:attachment":[{"href":"https:\/\/archive.sana.sy\/tr\/index.php?rest_route=%2Fwp%2Fv2%2Fmedia&parent=325369"}],"wp:term":[{"taxonomy":"category","embeddable":true,"href":"https:\/\/archive.sana.sy\/tr\/index.php?rest_route=%2Fwp%2Fv2%2Fcategories&post=325369"},{"taxonomy":"post_tag","embeddable":true,"href":"https:\/\/archive.sana.sy\/tr\/index.php?rest_route=%2Fwp%2Fv2%2Ftags&post=325369"}],"curies":[{"name":"wp","href":"https:\/\/api.w.org\/{rel}","templated":true}]}}