{"id":325378,"date":"2025-07-12T20:33:17","date_gmt":"2025-07-12T17:33:17","guid":{"rendered":"https:\/\/sana.sy\/tr\/?p=325378"},"modified":"2025-07-12T20:33:17","modified_gmt":"2025-07-12T17:33:17","slug":"buyukelci-barrack-suriye-uzerindeki-yaptirimlarin-kaldirilmasinin-ardindan-firsatlari-hizla-degerlendiriyor","status":"publish","type":"post","link":"https:\/\/archive.sana.sy\/tr\/?p=325378","title":{"rendered":"B\u00fcy\u00fckel\u00e7i Barrack: Suriye, \u00dczerindeki Yapt\u0131r\u0131mlar\u0131n Kald\u0131r\u0131lmas\u0131n\u0131n Ard\u0131ndan F\u0131rsatlar\u0131 H\u0131zla De\u011ferlendiriyor"},"content":{"rendered":"<p style=\"text-align: justify;\"><span style=\"color: #ff0000;\"><strong>ANKARA (SANA) &#8211;<\/strong><\/span> \u00a0ABD\u2019nin Suriye \u00d6zel Temsilcisi Thomas Barrack, bug\u00fcn yapt\u0131\u011f\u0131 a\u00e7\u0131klamada, uzun y\u0131llar uygulanan yapt\u0131r\u0131mlar\u0131n kald\u0131r\u0131lmas\u0131n\u0131n ard\u0131ndan Suriye&#8217;nin tarihi f\u0131rsatlar\u0131 h\u0131zla de\u011ferlendirmeye ba\u015flad\u0131\u011f\u0131n\u0131 belirtti.<\/p>\n<p style=\"text-align: justify;\">Barrack, (X) platformundaki payla\u015f\u0131m\u0131nda \u015fu ifadeleri kulland\u0131: \u201cSuriye\u2019nin, ABD Ba\u015fkan\u0131 taraf\u0131ndan kald\u0131r\u0131lan yapt\u0131r\u0131mlar\u0131n sa\u011flad\u0131\u011f\u0131 tarihi f\u0131rsat\u0131 de\u011ferlendirmek \u00fczere y\u0131ld\u0131r\u0131m h\u0131z\u0131yla harekete ge\u00e7ti\u011fini g\u00f6zlemledim. T\u00fcrkiye ve K\u00f6rfez \u00fclkelerinden gelen yat\u0131r\u0131mlar, kom\u015fu \u00fclkelerle diplomatik a\u00e7\u0131l\u0131m ve gelece\u011fe y\u00f6nelik net bir vizyon s\u00f6z konusu.\u201d<\/p>\n<p style=\"text-align: justify;\">Barrack s\u00f6zlerine \u015f\u00f6yle devam etti: \u201cD\u00fcn yapt\u0131\u011f\u0131m a\u00e7\u0131klamalar, Suriye\u2019nin kaydetti\u011fi ola\u011fan\u00fcst\u00fc ilerlemeye y\u00f6nelik bir takdirdi; L\u00fcbnan\u2019a y\u00f6nelik bir tehdit i\u00e7ermemektedir. Suriye liderlerinin tek hedefi, L\u00fcbnan ile ortak ya\u015fam ve kar\u015f\u0131l\u0131kl\u0131 refah i\u00e7inde var olmakt\u0131r. Amerika Birle\u015fik Devletleri, egemen ve bar\u0131\u015f i\u00e7inde ya\u015fayan iki kom\u015fu devlet aras\u0131ndaki bu ili\u015fkiyi desteklemeye kararl\u0131d\u0131r.\u201d<\/p>\n","protected":false},"excerpt":{"rendered":"<p>ANKARA (SANA) &#8211; \u00a0ABD\u2019nin Suriye \u00d6zel Temsilcisi Thomas Barrack, bug\u00fcn yapt\u0131\u011f\u0131 a\u00e7\u0131klamada, uzun y\u0131llar uygulanan yapt\u0131r\u0131mlar\u0131n kald\u0131r\u0131lmas\u0131n\u0131n ard\u0131ndan Suriye&#8217;nin tarihi f\u0131rsatlar\u0131 h\u0131zla de\u011ferlendirmeye ba\u015flad\u0131\u011f\u0131n\u0131 belirtti. Barrack, (X) platformundaki payla\u015f\u0131m\u0131nda \u015fu ifadeleri kulland\u0131: \u201cSuriye\u2019nin, ABD Ba\u015fkan\u0131 taraf\u0131ndan kald\u0131r\u0131lan yapt\u0131r\u0131mlar\u0131n sa\u011flad\u0131\u011f\u0131 tarihi f\u0131rsat\u0131 de\u011ferlendirmek \u00fczere y\u0131ld\u0131r\u0131m h\u0131z\u0131yla harekete ge\u00e7ti\u011fini g\u00f6zlemledim. T\u00fcrkiye ve K\u00f6rfez \u00fclkelerinden gelen yat\u0131r\u0131mlar, kom\u015fu &hellip;<\/p>\n","protected":false},"author":41,"featured_media":325143,"comment_status":"closed","ping_status":"closed","sticky":false,"template":"","format":"standard","meta":{"footnotes":""},"categories":[458,589,459,17988],"tags":[],"class_list":["post-325378","post","type-post","status-publish","format-standard","has-post-thumbnail","","category-dunya1","category-haber-seridi","category-haberler-arap-uluslararasi-politika","category-son-haberler"],"_links":{"self":[{"href":"https:\/\/archive.sana.sy\/tr\/index.php?rest_route=\/wp\/v2\/posts\/325378","targetHints":{"allow":["GET"]}}],"collection":[{"href":"https:\/\/archive.sana.sy\/tr\/index.php?rest_route=\/wp\/v2\/posts"}],"about":[{"href":"https:\/\/archive.sana.sy\/tr\/index.php?rest_route=\/wp\/v2\/types\/post"}],"author":[{"embeddable":true,"href":"https:\/\/archive.sana.sy\/tr\/index.php?rest_route=\/wp\/v2\/users\/41"}],"replies":[{"embeddable":true,"href":"https:\/\/archive.sana.sy\/tr\/index.php?rest_route=%2Fwp%2Fv2%2Fcomments&post=325378"}],"version-history":[{"count":1,"href":"https:\/\/archive.sana.sy\/tr\/index.php?rest_route=\/wp\/v2\/posts\/325378\/revisions"}],"predecessor-version":[{"id":325379,"href":"https:\/\/archive.sana.sy\/tr\/index.php?rest_route=\/wp\/v2\/posts\/325378\/revisions\/325379"}],"wp:featuredmedia":[{"embeddable":true,"href":"https:\/\/archive.sana.sy\/tr\/index.php?rest_route=\/wp\/v2\/media\/325143"}],"wp:attachment":[{"href":"https:\/\/archive.sana.sy\/tr\/index.php?rest_route=%2Fwp%2Fv2%2Fmedia&parent=325378"}],"wp:term":[{"taxonomy":"category","embeddable":true,"href":"https:\/\/archive.sana.sy\/tr\/index.php?rest_route=%2Fwp%2Fv2%2Fcategories&post=325378"},{"taxonomy":"post_tag","embeddable":true,"href":"https:\/\/archive.sana.sy\/tr\/index.php?rest_route=%2Fwp%2Fv2%2Ftags&post=325378"}],"curies":[{"name":"wp","href":"https:\/\/api.w.org\/{rel}","templated":true}]}}