{"id":325380,"date":"2025-07-13T08:33:04","date_gmt":"2025-07-13T05:33:04","guid":{"rendered":"https:\/\/sana.sy\/tr\/?p=325380"},"modified":"2025-07-14T09:19:49","modified_gmt":"2025-07-14T06:19:49","slug":"cumhurbaskani-el-sara-azerbaycanli-mevkidasina-sicak-karsilama-icin-tesekkur-ve-minnettarlik-mektubu-gonderdi","status":"publish","type":"post","link":"https:\/\/archive.sana.sy\/tr\/?p=325380","title":{"rendered":"Cumhurba\u015fkan\u0131 El \u015eara, Azerbaycanl\u0131 Mevkida\u015f\u0131na S\u0131cak Kar\u015f\u0131lama \u0130\u00e7in Te\u015fekk\u00fcr ve Minnettarl\u0131k Mektubu G\u00f6nderdi"},"content":{"rendered":"<p style=\"text-align: justify;\"><span style=\"color: #ff0000;\"><strong>\u015eAM (SANA)<\/strong> <\/span>&#8211; Suriye Arap Cumhuriyeti Cumhurba\u015fkan\u0131 Say\u0131n Ahmed El \u015eara, Azerbaycanl\u0131 mevkida\u015f\u0131 Say\u0131n \u0130lham Aliyev&#8217;e s\u0131cak kar\u015f\u0131lamas\u0131, c\u00f6mert misafirperverli\u011fi ve iki \u00fclke halklar\u0131 aras\u0131ndaki derin duygusal ba\u011f\u0131 yans\u0131tan ger\u00e7ek karde\u015flik ruhu i\u00e7in te\u015fekk\u00fcr ve minnettarl\u0131k mektubu g\u00f6nderdi.<\/p>\n<p style=\"text-align: justify;\">Cumhurba\u015fkan\u0131 El \u015eara mektubunda \u015funlar\u0131 s\u00f6yledi: &#8221;Azerbaycan&#8217;da, halk\u0131 taraf\u0131ndan kararl\u0131l\u0131kla in\u015fa edilen ve liderleri taraf\u0131ndan bilgelikle korunan bir devlete tan\u0131k olduk. Bu ziyaretin, halklar\u0131m\u0131z\u0131n \u015fanl\u0131 ge\u00e7mi\u015fimizde deneyimledi\u011fi tarihi kar\u015f\u0131l\u0131kl\u0131 ba\u011f\u0131ml\u0131l\u0131k ve uyum de\u011ferlerini yans\u0131tmas\u0131n\u0131 ve umut verici bir gelece\u011fe birlikte ilerlememizi umuyorum.&#8221;<\/p>\n<p style=\"text-align: justify;\">Cumhurba\u015fkan\u0131 \u015funlar\u0131 ekledi: &#8220;\u00dclkenizin g\u00fcvenli\u011fini ve refah\u0131n\u0131 sa\u011flama \u00e7abalar\u0131n\u0131zdan dolay\u0131 sizi takdir ederken, Suriye Arap Cumhuriyeti&#8217;nin karde\u015flik anlay\u0131\u015f\u0131na sad\u0131k kalaca\u011f\u0131n\u0131 ve \u00f6zellikle enerji sekt\u00f6r\u00fcndeki yat\u0131r\u0131mlar olmak \u00fczere t\u00fcm alanlarda i\u015f birli\u011fini derinle\u015ftirmeye istekli olaca\u011f\u0131n\u0131 temin ederim. Azerbaycan ve Suriye, d\u00fcnyan\u0131n kalbinde se\u00e7kin bir konuma ve bol miktarda do\u011fal kayna\u011fa sahiptir. Bu ortakl\u0131k, enerji \u00fcretimi ve tedarikinde onlara \u00f6nemli bir avantaj sa\u011flayacak, b\u00f6lgesel bar\u0131\u015f ve istikrar ortam\u0131n\u0131n g\u00fc\u00e7lenmesine katk\u0131da bulunacakt\u0131r. Ayr\u0131ca, ortak \u00e7\u0131karlara ula\u015fmak i\u00e7in uzmanl\u0131k ve teknoloji al\u0131\u015fveri\u015fi yoluyla i\u015f birli\u011finin kap\u0131lar\u0131n\u0131 a\u00e7acakt\u0131r.&#8221;<\/p>\n<p style=\"text-align: justify;\">Cumhurba\u015fkan\u0131 El \u015eara mektubunu \u015fu s\u00f6zlerle tamamlad\u0131: &#8220;Her zaman iyi olman\u0131z\u0131, Azerbaycan&#8217;\u0131n de\u011ferli ve m\u00fcreffeh kalmas\u0131n\u0131 ve dostlu\u011fumuzun Kafkas Da\u011flar\u0131 kadar sa\u011flam kalmas\u0131n\u0131 dilerim. En derin sayg\u0131 ve takdirimle.&#8221;<\/p>\n<p style=\"text-align: justify;\">\n","protected":false},"excerpt":{"rendered":"<p>\u015eAM (SANA) &#8211; Suriye Arap Cumhuriyeti Cumhurba\u015fkan\u0131 Say\u0131n Ahmed El \u015eara, Azerbaycanl\u0131 mevkida\u015f\u0131 Say\u0131n \u0130lham Aliyev&#8217;e s\u0131cak kar\u015f\u0131lamas\u0131, c\u00f6mert misafirperverli\u011fi ve iki \u00fclke halklar\u0131 aras\u0131ndaki derin duygusal ba\u011f\u0131 yans\u0131tan ger\u00e7ek karde\u015flik ruhu i\u00e7in te\u015fekk\u00fcr ve minnettarl\u0131k mektubu g\u00f6nderdi. Cumhurba\u015fkan\u0131 El \u015eara mektubunda \u015funlar\u0131 s\u00f6yledi: &#8221;Azerbaycan&#8217;da, halk\u0131 taraf\u0131ndan kararl\u0131l\u0131kla in\u015fa edilen ve liderleri taraf\u0131ndan bilgelikle korunan &hellip;<\/p>\n","protected":false},"author":39,"featured_media":325381,"comment_status":"closed","ping_status":"closed","sticky":false,"template":"","format":"standard","meta":{"footnotes":""},"categories":[606,479,605,613,478],"tags":[],"class_list":["post-325380","post","type-post","status-publish","format-standard","has-post-thumbnail","","category-cumhurbaskani","category-haberler-yerel","category-sayin-cumhurbaskani","category-telgraflar","category-yerel"],"_links":{"self":[{"href":"https:\/\/archive.sana.sy\/tr\/index.php?rest_route=\/wp\/v2\/posts\/325380","targetHints":{"allow":["GET"]}}],"collection":[{"href":"https:\/\/archive.sana.sy\/tr\/index.php?rest_route=\/wp\/v2\/posts"}],"about":[{"href":"https:\/\/archive.sana.sy\/tr\/index.php?rest_route=\/wp\/v2\/types\/post"}],"author":[{"embeddable":true,"href":"https:\/\/archive.sana.sy\/tr\/index.php?rest_route=\/wp\/v2\/users\/39"}],"replies":[{"embeddable":true,"href":"https:\/\/archive.sana.sy\/tr\/index.php?rest_route=%2Fwp%2Fv2%2Fcomments&post=325380"}],"version-history":[{"count":2,"href":"https:\/\/archive.sana.sy\/tr\/index.php?rest_route=\/wp\/v2\/posts\/325380\/revisions"}],"predecessor-version":[{"id":325445,"href":"https:\/\/archive.sana.sy\/tr\/index.php?rest_route=\/wp\/v2\/posts\/325380\/revisions\/325445"}],"wp:featuredmedia":[{"embeddable":true,"href":"https:\/\/archive.sana.sy\/tr\/index.php?rest_route=\/wp\/v2\/media\/325381"}],"wp:attachment":[{"href":"https:\/\/archive.sana.sy\/tr\/index.php?rest_route=%2Fwp%2Fv2%2Fmedia&parent=325380"}],"wp:term":[{"taxonomy":"category","embeddable":true,"href":"https:\/\/archive.sana.sy\/tr\/index.php?rest_route=%2Fwp%2Fv2%2Fcategories&post=325380"},{"taxonomy":"post_tag","embeddable":true,"href":"https:\/\/archive.sana.sy\/tr\/index.php?rest_route=%2Fwp%2Fv2%2Ftags&post=325380"}],"curies":[{"name":"wp","href":"https:\/\/api.w.org\/{rel}","templated":true}]}}