{"id":325383,"date":"2025-07-13T08:34:47","date_gmt":"2025-07-13T05:34:47","guid":{"rendered":"https:\/\/sana.sy\/tr\/?p=325383"},"modified":"2025-07-13T08:34:47","modified_gmt":"2025-07-13T05:34:47","slug":"suriye-enformasyon-bakani-sinir-tanimayan-gazeteciler-orgutu-ile-medya-etigini-gorustu","status":"publish","type":"post","link":"https:\/\/archive.sana.sy\/tr\/?p=325383","title":{"rendered":"Suriye Enformasyon Bakan\u0131, S\u0131n\u0131r Tan\u0131mayan Gazeteciler \u00d6rg\u00fct\u00fc ile Medya Eti\u011fini G\u00f6r\u00fc\u015ft\u00fc"},"content":{"rendered":"<p style=\"text-align: justify;\"><strong>BERL\u0130N (SANA) &#8211;<\/strong> Suriye Enformasyon Bakan\u0131 Dr. Hamza El Mustafa, Almanya&#8217;ya yapt\u0131\u011f\u0131 resmi ziyaret s\u0131ras\u0131nda S\u0131n\u0131r Tan\u0131mayan Gazeteciler \u00d6rg\u00fct\u00fc Politika ve Strateji Direkt\u00f6r\u00fc Anja Osterhaus ile bir araya geldi.<\/p>\n<p style=\"text-align: justify;\">Berlin&#8217;deki g\u00f6r\u00fc\u015fmede, iki taraf bas\u0131n \u00f6zg\u00fcrl\u00fc\u011f\u00fc ve medya eti\u011finin geli\u015ftirilmesi alan\u0131nda i\u015f birli\u011fi yollar\u0131n\u0131 ele ald\u0131.<\/p>\n","protected":false},"excerpt":{"rendered":"<p>BERL\u0130N (SANA) &#8211; Suriye Enformasyon Bakan\u0131 Dr. Hamza El Mustafa, Almanya&#8217;ya yapt\u0131\u011f\u0131 resmi ziyaret s\u0131ras\u0131nda S\u0131n\u0131r Tan\u0131mayan Gazeteciler \u00d6rg\u00fct\u00fc Politika ve Strateji Direkt\u00f6r\u00fc Anja Osterhaus ile bir araya geldi. Berlin&#8217;deki g\u00f6r\u00fc\u015fmede, iki taraf bas\u0131n \u00f6zg\u00fcrl\u00fc\u011f\u00fc ve medya eti\u011finin geli\u015ftirilmesi alan\u0131nda i\u015f birli\u011fi yollar\u0131n\u0131 ele ald\u0131.<\/p>\n","protected":false},"author":39,"featured_media":325384,"comment_status":"closed","ping_status":"closed","sticky":false,"template":"","format":"standard","meta":{"footnotes":""},"categories":[458,589,459,17988],"tags":[],"class_list":["post-325383","post","type-post","status-publish","format-standard","has-post-thumbnail","","category-dunya1","category-haber-seridi","category-haberler-arap-uluslararasi-politika","category-son-haberler"],"_links":{"self":[{"href":"https:\/\/archive.sana.sy\/tr\/index.php?rest_route=\/wp\/v2\/posts\/325383","targetHints":{"allow":["GET"]}}],"collection":[{"href":"https:\/\/archive.sana.sy\/tr\/index.php?rest_route=\/wp\/v2\/posts"}],"about":[{"href":"https:\/\/archive.sana.sy\/tr\/index.php?rest_route=\/wp\/v2\/types\/post"}],"author":[{"embeddable":true,"href":"https:\/\/archive.sana.sy\/tr\/index.php?rest_route=\/wp\/v2\/users\/39"}],"replies":[{"embeddable":true,"href":"https:\/\/archive.sana.sy\/tr\/index.php?rest_route=%2Fwp%2Fv2%2Fcomments&post=325383"}],"version-history":[{"count":1,"href":"https:\/\/archive.sana.sy\/tr\/index.php?rest_route=\/wp\/v2\/posts\/325383\/revisions"}],"predecessor-version":[{"id":325385,"href":"https:\/\/archive.sana.sy\/tr\/index.php?rest_route=\/wp\/v2\/posts\/325383\/revisions\/325385"}],"wp:featuredmedia":[{"embeddable":true,"href":"https:\/\/archive.sana.sy\/tr\/index.php?rest_route=\/wp\/v2\/media\/325384"}],"wp:attachment":[{"href":"https:\/\/archive.sana.sy\/tr\/index.php?rest_route=%2Fwp%2Fv2%2Fmedia&parent=325383"}],"wp:term":[{"taxonomy":"category","embeddable":true,"href":"https:\/\/archive.sana.sy\/tr\/index.php?rest_route=%2Fwp%2Fv2%2Fcategories&post=325383"},{"taxonomy":"post_tag","embeddable":true,"href":"https:\/\/archive.sana.sy\/tr\/index.php?rest_route=%2Fwp%2Fv2%2Ftags&post=325383"}],"curies":[{"name":"wp","href":"https:\/\/api.w.org\/{rel}","templated":true}]}}