{"id":325386,"date":"2025-07-13T10:34:10","date_gmt":"2025-07-13T07:34:10","guid":{"rendered":"https:\/\/sana.sy\/tr\/?p=325386"},"modified":"2025-07-13T10:34:10","modified_gmt":"2025-07-13T07:34:10","slug":"acil-durum-bakani-itfaiye-ekipleri-lazkiyenin-kuzey-kirsalinda-yanginlarin-tum-yonlere-yayilmasini-durdurdu","status":"publish","type":"post","link":"https:\/\/archive.sana.sy\/tr\/?p=325386","title":{"rendered":"Acil Durum Bakan\u0131: \u0130tfaiye Ekipleri, Lazkiye&#8217;nin Kuzey K\u0131rsal\u0131nda Yang\u0131nlar\u0131n T\u00fcm Y\u00f6nlere Yay\u0131lmas\u0131n\u0131 Durdurdu"},"content":{"rendered":"<p style=\"text-align: justify;\"><span style=\"color: #ff0000;\"><strong>\u015eAM (SANA) &#8211;\u00a0<\/strong><\/span> Suriye Acil Durum ve Afet Y\u00f6netimi Bakan\u0131 M\u00fch. Raid El Salih, Sivil Savunma ve itfaiye ekiplerinin, Lazkiye\u2019nin kuzey k\u0131rsal\u0131nda meydana gelen orman yang\u0131nlar\u0131n\u0131n t\u00fcm y\u00f6nlere yay\u0131lmas\u0131n\u0131 engellemeyi ba\u015fard\u0131\u011f\u0131n\u0131, bunun yang\u0131nlar\u0131n kontrol alt\u0131na al\u0131nmas\u0131 yolunda en \u00f6nemli ad\u0131mlardan biri oldu\u011funu belirtti.<\/p>\n<p style=\"text-align: justify;\">Bakan El Salih, bug\u00fcn (X) platformu \u00fczerinden yapt\u0131\u011f\u0131 a\u00e7\u0131klamada, \u201cLazkiye\u2019deki orman yang\u0131nlar\u0131n\u0131 s\u00f6nd\u00fcrme \u00e7al\u0131\u015fmalar\u0131nda, Sivil Savunma \u0130tfaiye ekipleri, itfaiye te\u015fkilatlar\u0131 ile T\u00fcrk ve Arap destek ekiplerinin b\u00fcy\u00fck ve kesintisiz \u00e7abalar\u0131 sayesinde bu ak\u015fam itibar\u0131yla umut verici bir a\u015famaya ula\u015f\u0131ld\u0131. Ekipler, yang\u0131n\u0131n t\u00fcm eksenlere yay\u0131lmas\u0131n\u0131 durdurdu. Bu geli\u015fme, yang\u0131nlar\u0131n kontrol alt\u0131na al\u0131nmas\u0131na giden yolda en kritik ad\u0131md\u0131r\u201d ifadelerini kulland\u0131.<\/p>\n<p style=\"text-align: justify;\">Yang\u0131nla m\u00fccadele \u00e7al\u0131\u015fmalar\u0131n\u0131n aral\u0131ks\u0131z s\u00fcrd\u00fc\u011f\u00fcn\u00fc belirten El Salih, \u201cManzara de\u011fi\u015fiyor, duman yava\u015f yava\u015f da\u011f\u0131lmaya ba\u015fl\u0131yor. Ekipler, kalan yang\u0131n odaklar\u0131n\u0131 s\u00f6nd\u00fcrmek ve kontrol alt\u0131na al\u0131nan b\u00f6lgelerde kapsaml\u0131 so\u011futma \u00e7al\u0131\u015fmalar\u0131 y\u00fcr\u00fctmek \u00fczere yo\u011fun bir \u015fekilde \u00e7al\u0131\u015f\u0131yor. Mevcut verilere g\u00f6re, durum kontrol alt\u0131na al\u0131nma y\u00f6n\u00fcnde ilerliyor\u201d diye konu\u015ftu.<\/p>\n<p style=\"text-align: justify;\">A\u00e7\u0131klamas\u0131n\u0131n devam\u0131nda El Salih, operasyonel merkezin de\u011ferlendirmelerine g\u00f6re bug\u00fcnk\u00fc durumun son on g\u00fcn\u00fcn en iyi seviyesi oldu\u011funu aktararak \u015funlar\u0131 s\u00f6yledi: \u201cR\u00fczgar hareketlili\u011fi nedeniyle halen baz\u0131 tehditler devam ediyor. Ancak yang\u0131nlar\u0131n yeniden alevlenmesini \u00f6nlemek amac\u0131yla \u00e7al\u0131\u015fmalar\u0131m\u0131z s\u00fcr\u00fcyor. Allah\u2019\u0131n l\u00fctfu, t\u00fcm ekiplerin ortak \u00e7abas\u0131, y\u00fcksek koordinasyon, halk\u0131n geni\u015f deste\u011fi ve T\u00fcrkiye, \u00dcrd\u00fcn, L\u00fcbnan, Irak ile Katar\u2019dan gelen itfaiye ekiplerinin katk\u0131s\u0131 olmadan bu a\u015famaya ula\u015fmam\u0131z m\u00fcmk\u00fcn de\u011fildi.\u201d<\/p>\n","protected":false},"excerpt":{"rendered":"<p>\u015eAM (SANA) &#8211;\u00a0 Suriye Acil Durum ve Afet Y\u00f6netimi Bakan\u0131 M\u00fch. Raid El Salih, Sivil Savunma ve itfaiye ekiplerinin, Lazkiye\u2019nin kuzey k\u0131rsal\u0131nda meydana gelen orman yang\u0131nlar\u0131n\u0131n t\u00fcm y\u00f6nlere yay\u0131lmas\u0131n\u0131 engellemeyi ba\u015fard\u0131\u011f\u0131n\u0131, bunun yang\u0131nlar\u0131n kontrol alt\u0131na al\u0131nmas\u0131 yolunda en \u00f6nemli ad\u0131mlardan biri oldu\u011funu belirtti. Bakan El Salih, bug\u00fcn (X) platformu \u00fczerinden yapt\u0131\u011f\u0131 a\u00e7\u0131klamada, \u201cLazkiye\u2019deki orman yang\u0131nlar\u0131n\u0131 &hellip;<\/p>\n","protected":false},"author":39,"featured_media":325387,"comment_status":"closed","ping_status":"closed","sticky":false,"template":"","format":"standard","meta":{"footnotes":""},"categories":[589,479,17988,478],"tags":[],"class_list":["post-325386","post","type-post","status-publish","format-standard","has-post-thumbnail","","category-haber-seridi","category-haberler-yerel","category-son-haberler","category-yerel"],"_links":{"self":[{"href":"https:\/\/archive.sana.sy\/tr\/index.php?rest_route=\/wp\/v2\/posts\/325386","targetHints":{"allow":["GET"]}}],"collection":[{"href":"https:\/\/archive.sana.sy\/tr\/index.php?rest_route=\/wp\/v2\/posts"}],"about":[{"href":"https:\/\/archive.sana.sy\/tr\/index.php?rest_route=\/wp\/v2\/types\/post"}],"author":[{"embeddable":true,"href":"https:\/\/archive.sana.sy\/tr\/index.php?rest_route=\/wp\/v2\/users\/39"}],"replies":[{"embeddable":true,"href":"https:\/\/archive.sana.sy\/tr\/index.php?rest_route=%2Fwp%2Fv2%2Fcomments&post=325386"}],"version-history":[{"count":1,"href":"https:\/\/archive.sana.sy\/tr\/index.php?rest_route=\/wp\/v2\/posts\/325386\/revisions"}],"predecessor-version":[{"id":325388,"href":"https:\/\/archive.sana.sy\/tr\/index.php?rest_route=\/wp\/v2\/posts\/325386\/revisions\/325388"}],"wp:featuredmedia":[{"embeddable":true,"href":"https:\/\/archive.sana.sy\/tr\/index.php?rest_route=\/wp\/v2\/media\/325387"}],"wp:attachment":[{"href":"https:\/\/archive.sana.sy\/tr\/index.php?rest_route=%2Fwp%2Fv2%2Fmedia&parent=325386"}],"wp:term":[{"taxonomy":"category","embeddable":true,"href":"https:\/\/archive.sana.sy\/tr\/index.php?rest_route=%2Fwp%2Fv2%2Fcategories&post=325386"},{"taxonomy":"post_tag","embeddable":true,"href":"https:\/\/archive.sana.sy\/tr\/index.php?rest_route=%2Fwp%2Fv2%2Ftags&post=325386"}],"curies":[{"name":"wp","href":"https:\/\/api.w.org\/{rel}","templated":true}]}}