{"id":325412,"date":"2025-07-13T11:35:34","date_gmt":"2025-07-13T08:35:34","guid":{"rendered":"https:\/\/sana.sy\/tr\/?p=325412"},"modified":"2025-07-13T11:35:34","modified_gmt":"2025-07-13T08:35:34","slug":"uluslararasi-ve-hukumet-kuruluslarinin-katilimiyla-suriyedeki-kuraklik-krizine-ulusal-mudahale-koordinasyon-toplantisi-basladi","status":"publish","type":"post","link":"https:\/\/archive.sana.sy\/tr\/?p=325412","title":{"rendered":"Uluslararas\u0131 Ve H\u00fck\u00fcmet Kurulu\u015flar\u0131n\u0131n Kat\u0131l\u0131m\u0131yla&#8230; Suriye&#8217;deki Kurakl\u0131k Krizine Ulusal M\u00fcdahale Koordinasyon Toplant\u0131s\u0131 Ba\u015flad\u0131"},"content":{"rendered":"<p style=\"text-align: justify;\"><span style=\"color: #ff0000;\"><strong>\u015eAM (SANA) &#8211;<\/strong><\/span> Uluslararas\u0131 ve h\u00fck\u00fcmet kurulu\u015flar\u0131n\u0131n kat\u0131l\u0131m\u0131yla, Suriye&#8217;deki kurakl\u0131k krizine ulusal m\u00fcdahale koordinasyon toplant\u0131s\u0131 ba\u015flad\u0131.<\/p>\n<p style=\"text-align: justify;\">Toplant\u0131, Suriye&#8217;nin \u00e7e\u015fitli b\u00f6lgelerini etkileyen yayg\u0131n kurakl\u0131\u011f\u0131n yol a\u00e7t\u0131\u011f\u0131 artan zorluklar\u0131n \u00fcstesinden gelmek i\u00e7in ortak \u00e7abalar\u0131 g\u00fc\u00e7lendirmeyi ama\u00e7l\u0131yor.<\/p>\n","protected":false},"excerpt":{"rendered":"<p>\u015eAM (SANA) &#8211; Uluslararas\u0131 ve h\u00fck\u00fcmet kurulu\u015flar\u0131n\u0131n kat\u0131l\u0131m\u0131yla, Suriye&#8217;deki kurakl\u0131k krizine ulusal m\u00fcdahale koordinasyon toplant\u0131s\u0131 ba\u015flad\u0131. Toplant\u0131, Suriye&#8217;nin \u00e7e\u015fitli b\u00f6lgelerini etkileyen yayg\u0131n kurakl\u0131\u011f\u0131n yol a\u00e7t\u0131\u011f\u0131 artan zorluklar\u0131n \u00fcstesinden gelmek i\u00e7in ortak \u00e7abalar\u0131 g\u00fc\u00e7lendirmeyi ama\u00e7l\u0131yor.<\/p>\n","protected":false},"author":39,"featured_media":325413,"comment_status":"closed","ping_status":"closed","sticky":false,"template":"","format":"standard","meta":{"footnotes":""},"categories":[589,479,17988,478],"tags":[],"class_list":["post-325412","post","type-post","status-publish","format-standard","has-post-thumbnail","","category-haber-seridi","category-haberler-yerel","category-son-haberler","category-yerel"],"_links":{"self":[{"href":"https:\/\/archive.sana.sy\/tr\/index.php?rest_route=\/wp\/v2\/posts\/325412","targetHints":{"allow":["GET"]}}],"collection":[{"href":"https:\/\/archive.sana.sy\/tr\/index.php?rest_route=\/wp\/v2\/posts"}],"about":[{"href":"https:\/\/archive.sana.sy\/tr\/index.php?rest_route=\/wp\/v2\/types\/post"}],"author":[{"embeddable":true,"href":"https:\/\/archive.sana.sy\/tr\/index.php?rest_route=\/wp\/v2\/users\/39"}],"replies":[{"embeddable":true,"href":"https:\/\/archive.sana.sy\/tr\/index.php?rest_route=%2Fwp%2Fv2%2Fcomments&post=325412"}],"version-history":[{"count":1,"href":"https:\/\/archive.sana.sy\/tr\/index.php?rest_route=\/wp\/v2\/posts\/325412\/revisions"}],"predecessor-version":[{"id":325414,"href":"https:\/\/archive.sana.sy\/tr\/index.php?rest_route=\/wp\/v2\/posts\/325412\/revisions\/325414"}],"wp:featuredmedia":[{"embeddable":true,"href":"https:\/\/archive.sana.sy\/tr\/index.php?rest_route=\/wp\/v2\/media\/325413"}],"wp:attachment":[{"href":"https:\/\/archive.sana.sy\/tr\/index.php?rest_route=%2Fwp%2Fv2%2Fmedia&parent=325412"}],"wp:term":[{"taxonomy":"category","embeddable":true,"href":"https:\/\/archive.sana.sy\/tr\/index.php?rest_route=%2Fwp%2Fv2%2Fcategories&post=325412"},{"taxonomy":"post_tag","embeddable":true,"href":"https:\/\/archive.sana.sy\/tr\/index.php?rest_route=%2Fwp%2Fv2%2Ftags&post=325412"}],"curies":[{"name":"wp","href":"https:\/\/api.w.org\/{rel}","templated":true}]}}