{"id":325442,"date":"2025-07-13T14:35:15","date_gmt":"2025-07-13T11:35:15","guid":{"rendered":"https:\/\/sana.sy\/tr\/?p=325442"},"modified":"2025-07-13T14:35:15","modified_gmt":"2025-07-13T11:35:15","slug":"halk-meclisi-secimleri-yuksek-komitesi-suriye-kadin-danisma-konseyi-heyetiyle-bir-araya-geldi","status":"publish","type":"post","link":"https:\/\/archive.sana.sy\/tr\/?p=325442","title":{"rendered":"Halk Meclisi Se\u00e7imleri Y\u00fcksek Komitesi, Suriye Kad\u0131n Dan\u0131\u015fma Konseyi Heyetiyle bir Araya Geldi"},"content":{"rendered":"<p style=\"text-align: justify;\"><span style=\"color: #ff0000;\"><strong>\u015eAM (SANA) &#8211;<\/strong><\/span> Halk Meclisi Se\u00e7imleri Y\u00fcksek Komitesi, bug\u00fcn Suriye Kad\u0131n Dan\u0131\u015fma Konseyi heyetiyle se\u00e7im sistemini g\u00f6r\u00fc\u015fmek ve g\u00f6r\u00fc\u015f ve \u00f6nerilerini dinlemek \u00fczere \u015eam&#8217;daki Halk Meclisi binas\u0131nda bir araya geldi.<\/p>\n","protected":false},"excerpt":{"rendered":"<p>\u015eAM (SANA) &#8211; Halk Meclisi Se\u00e7imleri Y\u00fcksek Komitesi, bug\u00fcn Suriye Kad\u0131n Dan\u0131\u015fma Konseyi heyetiyle se\u00e7im sistemini g\u00f6r\u00fc\u015fmek ve g\u00f6r\u00fc\u015f ve \u00f6nerilerini dinlemek \u00fczere \u015eam&#8217;daki Halk Meclisi binas\u0131nda bir araya geldi.<\/p>\n","protected":false},"author":39,"featured_media":325443,"comment_status":"closed","ping_status":"closed","sticky":false,"template":"","format":"standard","meta":{"footnotes":""},"categories":[589,479,17988,478],"tags":[],"class_list":["post-325442","post","type-post","status-publish","format-standard","has-post-thumbnail","","category-haber-seridi","category-haberler-yerel","category-son-haberler","category-yerel"],"_links":{"self":[{"href":"https:\/\/archive.sana.sy\/tr\/index.php?rest_route=\/wp\/v2\/posts\/325442","targetHints":{"allow":["GET"]}}],"collection":[{"href":"https:\/\/archive.sana.sy\/tr\/index.php?rest_route=\/wp\/v2\/posts"}],"about":[{"href":"https:\/\/archive.sana.sy\/tr\/index.php?rest_route=\/wp\/v2\/types\/post"}],"author":[{"embeddable":true,"href":"https:\/\/archive.sana.sy\/tr\/index.php?rest_route=\/wp\/v2\/users\/39"}],"replies":[{"embeddable":true,"href":"https:\/\/archive.sana.sy\/tr\/index.php?rest_route=%2Fwp%2Fv2%2Fcomments&post=325442"}],"version-history":[{"count":1,"href":"https:\/\/archive.sana.sy\/tr\/index.php?rest_route=\/wp\/v2\/posts\/325442\/revisions"}],"predecessor-version":[{"id":325444,"href":"https:\/\/archive.sana.sy\/tr\/index.php?rest_route=\/wp\/v2\/posts\/325442\/revisions\/325444"}],"wp:featuredmedia":[{"embeddable":true,"href":"https:\/\/archive.sana.sy\/tr\/index.php?rest_route=\/wp\/v2\/media\/325443"}],"wp:attachment":[{"href":"https:\/\/archive.sana.sy\/tr\/index.php?rest_route=%2Fwp%2Fv2%2Fmedia&parent=325442"}],"wp:term":[{"taxonomy":"category","embeddable":true,"href":"https:\/\/archive.sana.sy\/tr\/index.php?rest_route=%2Fwp%2Fv2%2Fcategories&post=325442"},{"taxonomy":"post_tag","embeddable":true,"href":"https:\/\/archive.sana.sy\/tr\/index.php?rest_route=%2Fwp%2Fv2%2Ftags&post=325442"}],"curies":[{"name":"wp","href":"https:\/\/api.w.org\/{rel}","templated":true}]}}