{"id":325446,"date":"2025-07-13T10:21:46","date_gmt":"2025-07-13T07:21:46","guid":{"rendered":"https:\/\/sana.sy\/tr\/?p=325446"},"modified":"2025-07-13T15:26:16","modified_gmt":"2025-07-13T12:26:16","slug":"pakistanda-siddetli-yagislar-nedeniyle-104-kisi-oldu-200-kisi-yaralandi","status":"publish","type":"post","link":"https:\/\/archive.sana.sy\/tr\/?p=325446","title":{"rendered":"Pakistan&#8217;da \u015eiddetli Ya\u011f\u0131\u015flar Nedeniyle 104 Ki\u015fi \u00d6ld\u00fc, 200 Ki\u015fi Yaraland\u0131"},"content":{"rendered":"<p style=\"text-align: justify;\"><span style=\"color: #ff0000;\"><strong>\u0130SLAMABAD<\/strong> <strong>(SANA)<\/strong> <\/span>&#8211; Pakistan Ulusal Afet Y\u00f6netim Kurumu (PAK) bug\u00fcn yapt\u0131\u011f\u0131 a\u00e7\u0131klamada, 26 Haziran&#8217;dan bu yana \u00fclkeyi vuran \u015fiddetli ya\u011f\u0131\u015flar nedeniyle 104 ki\u015finin hayat\u0131n\u0131 kaybetti\u011fini, 200 ki\u015finin de yaraland\u0131\u011f\u0131n\u0131 duyurdu.<\/p>\n<p style=\"text-align: justify;\">Pakistan&#8217;\u0131n Sama TV kanal\u0131, kurum s\u00f6zc\u00fcs\u00fcn\u00fcn \u015fu ifadeleri kulland\u0131\u011f\u0131n\u0131 aktard\u0131: &#8220;\u015eiddetli muson ya\u011fmurlar\u0131 ve bunun sonucunda olu\u015fan seller, 26 Haziran&#8217;dan bu yana Pakistan&#8217;\u0131n \u00e7e\u015fitli b\u00f6lgelerinde \u00e7ok say\u0131da kazaya ve b\u00fcy\u00fck maddi hasara yol a\u00e7t\u0131.&#8221;<\/p>\n<p style=\"text-align: justify;\">Sert hava ko\u015fullar\u0131 nedeniyle 49 \u00e7ocuk, 37 erkek ve 18 kad\u0131n\u0131n hayat\u0131n\u0131 kaybetti\u011fini, 413 evin ve dokuz k\u00f6pr\u00fcn\u00fcn hasar g\u00f6rd\u00fc\u011f\u00fcn\u00fc belirtti.<\/p>\n","protected":false},"excerpt":{"rendered":"<p>\u0130SLAMABAD (SANA) &#8211; Pakistan Ulusal Afet Y\u00f6netim Kurumu (PAK) bug\u00fcn yapt\u0131\u011f\u0131 a\u00e7\u0131klamada, 26 Haziran&#8217;dan bu yana \u00fclkeyi vuran \u015fiddetli ya\u011f\u0131\u015flar nedeniyle 104 ki\u015finin hayat\u0131n\u0131 kaybetti\u011fini, 200 ki\u015finin de yaraland\u0131\u011f\u0131n\u0131 duyurdu. Pakistan&#8217;\u0131n Sama TV kanal\u0131, kurum s\u00f6zc\u00fcs\u00fcn\u00fcn \u015fu ifadeleri kulland\u0131\u011f\u0131n\u0131 aktard\u0131: &#8220;\u015eiddetli muson ya\u011fmurlar\u0131 ve bunun sonucunda olu\u015fan seller, 26 Haziran&#8217;dan bu yana Pakistan&#8217;\u0131n \u00e7e\u015fitli b\u00f6lgelerinde &hellip;<\/p>\n","protected":false},"author":41,"featured_media":325447,"comment_status":"closed","ping_status":"closed","sticky":false,"template":"","format":"standard","meta":{"footnotes":""},"categories":[458,589,459,17988],"tags":[],"class_list":["post-325446","post","type-post","status-publish","format-standard","has-post-thumbnail","","category-dunya1","category-haber-seridi","category-haberler-arap-uluslararasi-politika","category-son-haberler"],"_links":{"self":[{"href":"https:\/\/archive.sana.sy\/tr\/index.php?rest_route=\/wp\/v2\/posts\/325446","targetHints":{"allow":["GET"]}}],"collection":[{"href":"https:\/\/archive.sana.sy\/tr\/index.php?rest_route=\/wp\/v2\/posts"}],"about":[{"href":"https:\/\/archive.sana.sy\/tr\/index.php?rest_route=\/wp\/v2\/types\/post"}],"author":[{"embeddable":true,"href":"https:\/\/archive.sana.sy\/tr\/index.php?rest_route=\/wp\/v2\/users\/41"}],"replies":[{"embeddable":true,"href":"https:\/\/archive.sana.sy\/tr\/index.php?rest_route=%2Fwp%2Fv2%2Fcomments&post=325446"}],"version-history":[{"count":1,"href":"https:\/\/archive.sana.sy\/tr\/index.php?rest_route=\/wp\/v2\/posts\/325446\/revisions"}],"predecessor-version":[{"id":325448,"href":"https:\/\/archive.sana.sy\/tr\/index.php?rest_route=\/wp\/v2\/posts\/325446\/revisions\/325448"}],"wp:featuredmedia":[{"embeddable":true,"href":"https:\/\/archive.sana.sy\/tr\/index.php?rest_route=\/wp\/v2\/media\/325447"}],"wp:attachment":[{"href":"https:\/\/archive.sana.sy\/tr\/index.php?rest_route=%2Fwp%2Fv2%2Fmedia&parent=325446"}],"wp:term":[{"taxonomy":"category","embeddable":true,"href":"https:\/\/archive.sana.sy\/tr\/index.php?rest_route=%2Fwp%2Fv2%2Fcategories&post=325446"},{"taxonomy":"post_tag","embeddable":true,"href":"https:\/\/archive.sana.sy\/tr\/index.php?rest_route=%2Fwp%2Fv2%2Ftags&post=325446"}],"curies":[{"name":"wp","href":"https:\/\/api.w.org\/{rel}","templated":true}]}}