{"id":325455,"date":"2025-07-13T20:09:54","date_gmt":"2025-07-13T17:09:54","guid":{"rendered":"https:\/\/sana.sy\/tr\/?p=325455"},"modified":"2025-07-13T20:09:54","modified_gmt":"2025-07-13T17:09:54","slug":"suriye-saglik-bakanligi-hilma-saglik-isgucu-piyasasi-analizi-calismasini-gorustu","status":"publish","type":"post","link":"https:\/\/archive.sana.sy\/tr\/?p=325455","title":{"rendered":"Suriye Sa\u011fl\u0131k Bakanl\u0131\u011f\u0131, &#8220;Hilma&#8221; Sa\u011fl\u0131k \u0130\u015fg\u00fcc\u00fc Piyasas\u0131 Analizi \u00c7al\u0131\u015fmas\u0131n\u0131 G\u00f6r\u00fc\u015ft\u00fc"},"content":{"rendered":"<p style=\"text-align: justify;\"><span style=\"color: #ff0000;\"><strong>\u015eAM (SANA) &#8211;<\/strong><\/span> Suriye Sa\u011fl\u0131k Bakan\u0131 Musab El Ali, D\u00fcnya Sa\u011fl\u0131k \u00d6rg\u00fct\u00fc temsilcileri, Stratejik Ara\u015ft\u0131rmalar ve Sa\u011fl\u0131k E\u011fitimi Merkezi, ve Mindset Ara\u015ft\u0131rma \u015eirketi yetkilileri ile bir araya gelerek, Suriye sa\u011fl\u0131k i\u015fg\u00fcc\u00fc piyasas\u0131n\u0131n analizine y\u00f6nelik \u201cHilma\u201d \u00e7al\u0131\u015fmas\u0131n\u0131 ele ald\u0131.<\/p>\n<p style=\"text-align: justify;\">Bakanl\u0131k binas\u0131nda d\u00fczenlenen g\u00f6r\u00fc\u015fme kapsam\u0131nda, \u00e7al\u0131\u015fman\u0131n tan\u0131t\u0131m\u0131 ve hedefleri \u00fczerine bir \u00e7al\u0131\u015ftay ger\u00e7ekle\u015ftirildi. G\u00f6r\u00fc\u015fmede, sa\u011fl\u0131k i\u015fg\u00fcc\u00fc piyasas\u0131n\u0131n kavramsal \u00e7er\u00e7evesi, veri tabanlar\u0131n\u0131n analizi ve sa\u011fl\u0131k i\u015fg\u00fcc\u00fc planlamas\u0131yla ilgili f\u0131rsatlar ile kar\u015f\u0131la\u015f\u0131lan zorluklar ayr\u0131nt\u0131l\u0131 \u015fekilde de\u011ferlendirildi.<img loading=\"lazy\" decoding=\"async\" class=\" wp-image-325459 alignright\" src=\"http:\/\/sana.sy\/tr\/wp-content\/uploads\/2025\/07\/\u0635\u0635\u0635\u0635-300x211-1.jpg\" alt=\"\" width=\"276\" height=\"194\" \/><\/p>\n<p style=\"text-align: justify;\">Bakan El Ali, Hilma \u00e7al\u0131\u015fmas\u0131n\u0131n, sa\u011fl\u0131k alan\u0131nda \u00e7al\u0131\u015fan insan kayna\u011f\u0131n\u0131n durumunu iyile\u015ftirmek a\u00e7\u0131s\u0131ndan b\u00fcy\u00fck \u00f6nem ta\u015f\u0131d\u0131\u011f\u0131n\u0131 vurgulayarak, Sa\u011fl\u0131k \u00e7al\u0131\u015fanlar\u0131n\u0131n say\u0131s\u0131 ve k\u0131rsal-kentsel da\u011f\u0131l\u0131m\u0131na dair do\u011fru ve g\u00fcncel verilere ula\u015f\u0131lmas\u0131 gerekti\u011fine dikkat \u00e7ekti.<\/p>\n<p style=\"text-align: justify;\">Mevcut durumda sa\u011fl\u0131k personelinin da\u011f\u0131l\u0131m\u0131nda dengesizlikler bulundu\u011funu ifade eden El Ali, bu \u00e7al\u0131\u015fman\u0131n sonu\u00e7lar\u0131n\u0131n, uluslararas\u0131 standartlara uygun adil ve dengeli bir da\u011f\u0131l\u0131m sa\u011flanmas\u0131 y\u00f6n\u00fcnde kullan\u0131lmas\u0131n\u0131n \u00f6nemine i\u015faret etti.<\/p>\n<p style=\"text-align: justify;\">Stratejik Ara\u015ft\u0131rmalar ve Sa\u011fl\u0131k E\u011fitimi Merkezi M\u00fcd\u00fcr\u00fc Ra\u015fa Muhammed, m\u00fcd\u00fcrl\u00fcklerle yap\u0131lan toplant\u0131n\u0131n, Suriye&#8217;de sa\u011fl\u0131k i\u015fg\u00fcc\u00fc piyasas\u0131n\u0131n analizine y\u00f6nelik ulusal bir metodoloji olu\u015fturma amac\u0131n\u0131 ta\u015f\u0131d\u0131\u011f\u0131n\u0131 belirtti.<\/p>\n<p style=\"text-align: justify;\">Muhammed ayr\u0131ca, bir\u00e7ok sa\u011fl\u0131k mezununun kendi uzmanl\u0131k alan\u0131nda \u00e7al\u0131\u015fmad\u0131\u011f\u0131n\u0131 ve bu durumun nedenlerinin ara\u015ft\u0131r\u0131lmas\u0131 gerekti\u011fini ifade etti. <img loading=\"lazy\" decoding=\"async\" class=\"size-full wp-image-325457 alignright\" src=\"http:\/\/sana.sy\/tr\/wp-content\/uploads\/2025\/07\/\u0635\u0635\u0635-1-300x212-1.jpg\" alt=\"\" width=\"300\" height=\"212\" \/><\/p>\n<p style=\"text-align: justify;\">Hilma \u00e7al\u0131\u015fmas\u0131n\u0131n, baz\u0131 \u00fclkelerin deneyimlerinden yararlan\u0131larak haz\u0131rland\u0131\u011f\u0131n\u0131 ve kamu ile \u00f6zel sekt\u00f6rdeki sa\u011fl\u0131k \u00e7al\u0131\u015fanlar\u0131n\u0131 kapsayan birle\u015fik bir veri taban\u0131n\u0131n olu\u015fturuldu\u011funu kaydetti.<\/p>\n<p style=\"text-align: justify;\">Hilma \u00e7al\u0131\u015fmas\u0131, sa\u011fl\u0131k planlamas\u0131n\u0131 desteklemek ve sa\u011fl\u0131k hizmetlerinin etkinli\u011fini art\u0131rmak amac\u0131yla, sa\u011fl\u0131k i\u015fg\u00fcc\u00fc piyasas\u0131na dair do\u011fru ve g\u00fcvenilir veriler sa\u011flayan \u00f6nemli bir ara\u00e7 olarak de\u011ferlendiriliyor.<\/p>\n<p style=\"text-align: justify;\">G\u00f6r\u00fc\u015fmeye, Sa\u011fl\u0131k Bakanl\u0131\u011f\u0131 Planlama ve Uluslararas\u0131 \u0130\u015fbirli\u011fi M\u00fcd\u00fcr\u00fc Z\u00fcheyr Karat, \u00e7e\u015fitli sa\u011fl\u0131k m\u00fcd\u00fcrleri, t\u0131bbi meslek kurulu\u015flar\u0131n\u0131n temsilcileri ve ilgili yetkililer kat\u0131ld\u0131.<\/p>\n<p><img loading=\"lazy\" decoding=\"async\" class=\"aligncenter wp-image-325456 size-full\" src=\"http:\/\/sana.sy\/tr\/wp-content\/uploads\/2025\/07\/\u0635\u0635-1536x1022-1.jpg\" alt=\"\" width=\"1536\" height=\"1022\" srcset=\"https:\/\/archive.sana.sy\/tr\/wp-content\/uploads\/2025\/07\/\u0635\u0635-1536x1022-1.jpg 1536w, https:\/\/archive.sana.sy\/tr\/wp-content\/uploads\/2025\/07\/\u0635\u0635-1536x1022-1-300x200.jpg 300w, https:\/\/archive.sana.sy\/tr\/wp-content\/uploads\/2025\/07\/\u0635\u0635-1536x1022-1-1024x681.jpg 1024w, https:\/\/archive.sana.sy\/tr\/wp-content\/uploads\/2025\/07\/\u0635\u0635-1536x1022-1-768x511.jpg 768w, https:\/\/archive.sana.sy\/tr\/wp-content\/uploads\/2025\/07\/\u0635\u0635-1536x1022-1-310x205.jpg 310w\" sizes=\"auto, (max-width: 1536px) 100vw, 1536px\" \/><\/p>\n","protected":false},"excerpt":{"rendered":"<p>\u015eAM (SANA) &#8211; Suriye Sa\u011fl\u0131k Bakan\u0131 Musab El Ali, D\u00fcnya Sa\u011fl\u0131k \u00d6rg\u00fct\u00fc temsilcileri, Stratejik Ara\u015ft\u0131rmalar ve Sa\u011fl\u0131k E\u011fitimi Merkezi, ve Mindset Ara\u015ft\u0131rma \u015eirketi yetkilileri ile bir araya gelerek, Suriye sa\u011fl\u0131k i\u015fg\u00fcc\u00fc piyasas\u0131n\u0131n analizine y\u00f6nelik \u201cHilma\u201d \u00e7al\u0131\u015fmas\u0131n\u0131 ele ald\u0131. Bakanl\u0131k binas\u0131nda d\u00fczenlenen g\u00f6r\u00fc\u015fme kapsam\u0131nda, \u00e7al\u0131\u015fman\u0131n tan\u0131t\u0131m\u0131 ve hedefleri \u00fczerine bir \u00e7al\u0131\u015ftay ger\u00e7ekle\u015ftirildi. G\u00f6r\u00fc\u015fmede, sa\u011fl\u0131k i\u015fg\u00fcc\u00fc piyasas\u0131n\u0131n &hellip;<\/p>\n","protected":false},"author":41,"featured_media":325458,"comment_status":"closed","ping_status":"closed","sticky":false,"template":"","format":"standard","meta":{"footnotes":""},"categories":[589,479,17988,478],"tags":[],"class_list":["post-325455","post","type-post","status-publish","format-standard","has-post-thumbnail","","category-haber-seridi","category-haberler-yerel","category-son-haberler","category-yerel"],"_links":{"self":[{"href":"https:\/\/archive.sana.sy\/tr\/index.php?rest_route=\/wp\/v2\/posts\/325455","targetHints":{"allow":["GET"]}}],"collection":[{"href":"https:\/\/archive.sana.sy\/tr\/index.php?rest_route=\/wp\/v2\/posts"}],"about":[{"href":"https:\/\/archive.sana.sy\/tr\/index.php?rest_route=\/wp\/v2\/types\/post"}],"author":[{"embeddable":true,"href":"https:\/\/archive.sana.sy\/tr\/index.php?rest_route=\/wp\/v2\/users\/41"}],"replies":[{"embeddable":true,"href":"https:\/\/archive.sana.sy\/tr\/index.php?rest_route=%2Fwp%2Fv2%2Fcomments&post=325455"}],"version-history":[{"count":1,"href":"https:\/\/archive.sana.sy\/tr\/index.php?rest_route=\/wp\/v2\/posts\/325455\/revisions"}],"predecessor-version":[{"id":325460,"href":"https:\/\/archive.sana.sy\/tr\/index.php?rest_route=\/wp\/v2\/posts\/325455\/revisions\/325460"}],"wp:featuredmedia":[{"embeddable":true,"href":"https:\/\/archive.sana.sy\/tr\/index.php?rest_route=\/wp\/v2\/media\/325458"}],"wp:attachment":[{"href":"https:\/\/archive.sana.sy\/tr\/index.php?rest_route=%2Fwp%2Fv2%2Fmedia&parent=325455"}],"wp:term":[{"taxonomy":"category","embeddable":true,"href":"https:\/\/archive.sana.sy\/tr\/index.php?rest_route=%2Fwp%2Fv2%2Fcategories&post=325455"},{"taxonomy":"post_tag","embeddable":true,"href":"https:\/\/archive.sana.sy\/tr\/index.php?rest_route=%2Fwp%2Fv2%2Ftags&post=325455"}],"curies":[{"name":"wp","href":"https:\/\/api.w.org\/{rel}","templated":true}]}}