{"id":325461,"date":"2025-07-13T20:14:10","date_gmt":"2025-07-13T17:14:10","guid":{"rendered":"https:\/\/sana.sy\/tr\/?p=325461"},"modified":"2025-07-13T20:14:10","modified_gmt":"2025-07-13T17:14:10","slug":"dera-valisi-urdunun-ramsa-heyetiyle-sinir-kapilarinin-acilmasi-ve-ticaretin-canlandirilmasini-gorustu","status":"publish","type":"post","link":"https:\/\/archive.sana.sy\/tr\/?p=325461","title":{"rendered":"Dera Valisi, \u00dcrd\u00fcn&#8217;\u00fcn Ramsa Heyetiyle S\u0131n\u0131r Kap\u0131lar\u0131n\u0131n A\u00e7\u0131lmas\u0131 Ve Ticaretin Canland\u0131r\u0131lmas\u0131n\u0131 G\u00f6r\u00fc\u015ft\u00fc"},"content":{"rendered":"<p style=\"text-align: justify;\"><span style=\"color: #ff0000;\"><strong>DERA (SANA) &#8211;<\/strong><\/span> Dera Valisi Enver Taha El Zubi, Ramsa Ticaret Odas\u0131 Ba\u015fkan\u0131 ve beraberindeki heyeti kabul etti. G\u00f6r\u00fc\u015fmede, s\u0131n\u0131r kap\u0131lar\u0131n\u0131n yeniden a\u00e7\u0131lmas\u0131 ve ticari i\u015f birli\u011finin g\u00fc\u00e7lendirilmesi yollar\u0131 ele al\u0131nd\u0131. Bu ad\u0131m, Suriye ile \u00dcrd\u00fcn aras\u0131ndaki ekonomik hareketlili\u011fi art\u0131rmay\u0131 hedefliyor. <img loading=\"lazy\" decoding=\"async\" class=\"size-full wp-image-325463 alignright\" src=\"http:\/\/sana.sy\/tr\/wp-content\/uploads\/2025\/07\/2-3.png\" alt=\"\" width=\"300\" height=\"168\" \/><\/p>\n<p style=\"text-align: justify;\">G\u00f6r\u00fc\u015fme s\u0131ras\u0131nda taraflar, iki \u00fclke t\u00fcccarlar\u0131n\u0131n ve vatanda\u015flar\u0131n\u0131n \u00e7\u0131karlar\u0131n\u0131 g\u00f6zeten ticaret al\u0131\u015fveri\u015fi prosed\u00fcrlerinin kolayla\u015ft\u0131r\u0131lmas\u0131na y\u00f6nelik mekanizmalar\u0131 g\u00f6r\u00fc\u015ft\u00fc. Ayr\u0131ca, Dera Eski G\u00fcmr\u00fck Kap\u0131s\u0131\u2019n\u0131n yeniden a\u00e7\u0131lmas\u0131n\u0131n, yerel pazarlar\u0131n canland\u0131r\u0131lmas\u0131 ve mal ile yolcu hareketlili\u011finin kolayla\u015ft\u0131r\u0131lmas\u0131 a\u00e7\u0131s\u0131ndan hayati \u00f6nem ta\u015f\u0131d\u0131\u011f\u0131 vurguland\u0131.<\/p>\n<p style=\"text-align: justify;\">Taraflar, ticaret odalar\u0131 ile resmi kurumlar aras\u0131nda koordinasyonun s\u00fcrd\u00fcr\u00fclmesi, kar\u015f\u0131la\u015f\u0131lan engellerin a\u015f\u0131lmas\u0131 ve ortak i\u015f birli\u011finin ileriye ta\u015f\u0131nmas\u0131 gerekti\u011finin alt\u0131n\u0131 \u00e7izdi. Bu ad\u0131mlar\u0131n, b\u00f6lgedeki ekonomik ve sosyal duruma olumlu yans\u0131yaca\u011f\u0131 ifade edildi.<\/p>\n<p style=\"text-align: justify;\">Bu ziyaret, Suriye ile \u00dcrd\u00fcn aras\u0131ndaki ekonomik ili\u015fkilerin g\u00fc\u00e7lendirilmesi ve kamu-\u00f6zel sekt\u00f6r i\u015f birli\u011finin peki\u015ftirilmesi \u00e7er\u00e7evesinde ger\u00e7ekle\u015fti. Ramsa kenti, tarihsel olarak Dera ile ticari ba\u011flara sahip olup, s\u0131n\u0131r kap\u0131lar\u0131 \u00fczerinden ger\u00e7ekle\u015fen ticaret ak\u0131\u015f\u0131 her iki taraf\u0131n da yerel ekonomisini destekleyen stratejik bir unsur olarak \u00f6ne \u00e7\u0131k\u0131yor.<\/p>\n","protected":false},"excerpt":{"rendered":"<p>DERA (SANA) &#8211; Dera Valisi Enver Taha El Zubi, Ramsa Ticaret Odas\u0131 Ba\u015fkan\u0131 ve beraberindeki heyeti kabul etti. G\u00f6r\u00fc\u015fmede, s\u0131n\u0131r kap\u0131lar\u0131n\u0131n yeniden a\u00e7\u0131lmas\u0131 ve ticari i\u015f birli\u011finin g\u00fc\u00e7lendirilmesi yollar\u0131 ele al\u0131nd\u0131. Bu ad\u0131m, Suriye ile \u00dcrd\u00fcn aras\u0131ndaki ekonomik hareketlili\u011fi art\u0131rmay\u0131 hedefliyor. G\u00f6r\u00fc\u015fme s\u0131ras\u0131nda taraflar, iki \u00fclke t\u00fcccarlar\u0131n\u0131n ve vatanda\u015flar\u0131n\u0131n \u00e7\u0131karlar\u0131n\u0131 g\u00f6zeten ticaret al\u0131\u015fveri\u015fi prosed\u00fcrlerinin kolayla\u015ft\u0131r\u0131lmas\u0131na &hellip;<\/p>\n","protected":false},"author":41,"featured_media":325462,"comment_status":"closed","ping_status":"closed","sticky":false,"template":"","format":"standard","meta":{"footnotes":""},"categories":[485,589,486,17988],"tags":[],"class_list":["post-325461","post","type-post","status-publish","format-standard","has-post-thumbnail","","category-is-ve-sermaye","category-haber-seridi","category-haberler-is-ve-sermaye","category-son-haberler"],"_links":{"self":[{"href":"https:\/\/archive.sana.sy\/tr\/index.php?rest_route=\/wp\/v2\/posts\/325461","targetHints":{"allow":["GET"]}}],"collection":[{"href":"https:\/\/archive.sana.sy\/tr\/index.php?rest_route=\/wp\/v2\/posts"}],"about":[{"href":"https:\/\/archive.sana.sy\/tr\/index.php?rest_route=\/wp\/v2\/types\/post"}],"author":[{"embeddable":true,"href":"https:\/\/archive.sana.sy\/tr\/index.php?rest_route=\/wp\/v2\/users\/41"}],"replies":[{"embeddable":true,"href":"https:\/\/archive.sana.sy\/tr\/index.php?rest_route=%2Fwp%2Fv2%2Fcomments&post=325461"}],"version-history":[{"count":1,"href":"https:\/\/archive.sana.sy\/tr\/index.php?rest_route=\/wp\/v2\/posts\/325461\/revisions"}],"predecessor-version":[{"id":325464,"href":"https:\/\/archive.sana.sy\/tr\/index.php?rest_route=\/wp\/v2\/posts\/325461\/revisions\/325464"}],"wp:featuredmedia":[{"embeddable":true,"href":"https:\/\/archive.sana.sy\/tr\/index.php?rest_route=\/wp\/v2\/media\/325462"}],"wp:attachment":[{"href":"https:\/\/archive.sana.sy\/tr\/index.php?rest_route=%2Fwp%2Fv2%2Fmedia&parent=325461"}],"wp:term":[{"taxonomy":"category","embeddable":true,"href":"https:\/\/archive.sana.sy\/tr\/index.php?rest_route=%2Fwp%2Fv2%2Fcategories&post=325461"},{"taxonomy":"post_tag","embeddable":true,"href":"https:\/\/archive.sana.sy\/tr\/index.php?rest_route=%2Fwp%2Fv2%2Ftags&post=325461"}],"curies":[{"name":"wp","href":"https:\/\/api.w.org\/{rel}","templated":true}]}}