{"id":325469,"date":"2025-07-13T20:51:34","date_gmt":"2025-07-13T17:51:34","guid":{"rendered":"https:\/\/sana.sy\/tr\/?p=325469"},"modified":"2025-07-13T21:06:33","modified_gmt":"2025-07-13T18:06:33","slug":"suriyede-kurakliktan-etkilenen-ciftcilere-destek-icin-anlasma-imzalandi","status":"publish","type":"post","link":"https:\/\/archive.sana.sy\/tr\/?p=325469","title":{"rendered":"Suriye\u2019de Kurakl\u0131ktan Etkilenen \u00c7ift\u00e7ilere Destek \u0130\u00e7in Anla\u015fma \u0130mzaland\u0131"},"content":{"rendered":"<p style=\"text-align: justify;\"><span style=\"color: #ff0000;\"><strong>\u015eAM (SANA) &#8211;<\/strong><\/span> Suriye Tar\u0131m Bakanl\u0131\u011f\u0131, bug\u00fcn D\u00fcnya G\u0131da Program\u0131 (WFP) ile Suriye\u2019de kurakl\u0131ktan zarar g\u00f6ren \u00e7ift\u00e7ilere destek amac\u0131yla bir anla\u015fma imzalad\u0131. <img loading=\"lazy\" decoding=\"async\" class=\" wp-image-325471 alignright\" src=\"http:\/\/sana.sy\/tr\/wp-content\/uploads\/2025\/07\/77-300x200.jpg\" alt=\"\" width=\"275\" height=\"183\" srcset=\"https:\/\/archive.sana.sy\/tr\/wp-content\/uploads\/2025\/07\/77-300x200.jpg 300w, https:\/\/archive.sana.sy\/tr\/wp-content\/uploads\/2025\/07\/77-310x205.jpg 310w, https:\/\/archive.sana.sy\/tr\/wp-content\/uploads\/2025\/07\/77.jpg 768w\" sizes=\"auto, (max-width: 275px) 100vw, 275px\" \/><\/p>\n<p style=\"text-align: justify;\">Tar\u0131m Bakan\u0131 Amced Bedir ile D\u00fcnya G\u0131da Program\u0131 Ulusal Direkt\u00f6r\u00fc Marian Ward\u2019\u0131n Bakanl\u0131k binas\u0131nda imzalad\u0131\u011f\u0131 anla\u015fma, kurakl\u0131ktan etkilenen tar\u0131m topluluklar\u0131na y\u00f6nelik destek sa\u011flamay\u0131, kurakl\u0131\u011f\u0131n yaratt\u0131\u011f\u0131 acil etkileri azaltmak i\u00e7in ulusal \u00e7abalara katk\u0131da bulunmay\u0131, k\u0131rsal kesimde ge\u00e7im kaynaklar\u0131n\u0131 korumay\u0131 ve yerel topluluklar\u0131n dayan\u0131kl\u0131l\u0131\u011f\u0131n\u0131 art\u0131rmay\u0131 hedefliyor.<\/p>\n<p style=\"text-align: justify;\"><span style=\"color: #0000ff;\"><strong>33 Bin \u00c7ift\u00e7iye Yard\u0131m:<\/strong><\/span><\/p>\n<p style=\"text-align: justify;\">Anla\u015fma kapsam\u0131nda, ihtiya\u00e7 de\u011ferlendirmesi ve operasyonel uygulanabilirlik do\u011frultusunda yakla\u015f\u0131k 33 bin \u00e7ift\u00e7iyi kapsayan iki entegre m\u00fcdahale ger\u00e7ekle\u015ftirilecek. Birinci m\u00fcdahalede, (Haseke, Halep, \u0130dlib, Hama, Humus, Dera) illerindeki kurakl\u0131ktan zarar g\u00f6ren \u00e7ift\u00e7ilere y\u00f6nelik tar\u0131msal finansal destek sa\u011flanacak. Yard\u0131mlar, kurakl\u0131\u011f\u0131n \u015fiddetine ve etkilenen ailelerin hassasiyetine ba\u011fl\u0131 olarak iki ila \u00fc\u00e7 tar\u0131m sezonu boyunca sunulacak.<\/p>\n<p><img loading=\"lazy\" decoding=\"async\" class=\" wp-image-325472 alignright\" style=\"text-align: justify;\" src=\"http:\/\/sana.sy\/tr\/wp-content\/uploads\/2025\/07\/777-300x200.jpg\" alt=\"\" width=\"279\" height=\"186\" srcset=\"https:\/\/archive.sana.sy\/tr\/wp-content\/uploads\/2025\/07\/777-300x200.jpg 300w, https:\/\/archive.sana.sy\/tr\/wp-content\/uploads\/2025\/07\/777-310x205.jpg 310w, https:\/\/archive.sana.sy\/tr\/wp-content\/uploads\/2025\/07\/777.jpg 768w\" sizes=\"auto, (max-width: 279px) 100vw, 279px\" \/>\u0130kinci m\u00fcdahalede ise, (Rakka ve Deyrizor) illerinde kurakl\u0131ktan etkilenen \u00e7ift\u00e7ilere, A\u011fustos ay\u0131ndan Aral\u0131k ay\u0131na kadar ayl\u0131k g\u0131da yard\u0131mlar\u0131 da\u011f\u0131t\u0131lacak. Bu destek, beslenme ihtiya\u00e7lar\u0131n\u0131 kar\u015f\u0131lamay\u0131 ve \u00fcr\u00fcn kay\u0131plar\u0131n\u0131n etkilerini hafifletmeyi ama\u00e7l\u0131yor.<\/p>\n<p style=\"text-align: justify;\"><span style=\"color: #0000ff;\"><strong>\u201c\u00c7ift\u00e7ilerin Dayan\u0131kl\u0131l\u0131\u011f\u0131n\u0131n G\u00fc\u00e7lendirilmesi\u201d<\/strong><\/span><\/p>\n<p style=\"text-align: justify;\">Anla\u015fman\u0131n imzalanmas\u0131n\u0131n ard\u0131ndan Bakan Bedir, bas\u0131na yapt\u0131\u011f\u0131 a\u00e7\u0131klamada, BM kurulu\u015flar\u0131yla i\u015f birli\u011finin ve ileti\u015fimin g\u00fc\u00e7lendirilmesinin, t\u00fcm \u00e7ift\u00e7ilere yard\u0131m ula\u015ft\u0131r\u0131lmas\u0131n\u0131n ve dayan\u0131kl\u0131l\u0131klar\u0131n\u0131n art\u0131r\u0131lmas\u0131n\u0131n \u00f6nemini vurgulad\u0131. Ayr\u0131ca, tar\u0131m sekt\u00f6r\u00fcn\u00fcn kurakl\u0131k, yang\u0131nlar, altyap\u0131 tahribat\u0131 ve \u00f6nceki rejimin neden oldu\u011fu kay\u0131plar gibi zorluklarla kar\u015f\u0131 kar\u015f\u0131ya oldu\u011funu belirtti.<\/p>\n<p style=\"text-align: justify;\">D\u00fcnya G\u0131da Program\u0131 Ulusal Direkt\u00f6r\u00fc Marian Ward ise, nakit desteklerin \u00e7if<span style=\"text-align: justify;\">t\u00e7ilere ihtiya\u00e7lar\u0131n\u0131 kar\u015f\u0131lamada esneklik sa\u011flad\u0131\u011f\u0131n\u0131, kurakl\u0131ktan etkilenen b\u00f6lgelerde dayan\u0131kl\u0131l\u0131\u011f\u0131 art\u0131rd\u0131\u011f\u0131n\u0131 ve \u00f6n\u00fcm\u00fczdeki sezon i\u00e7in yat\u0131r\u0131mlar\u0131na katk\u0131 sundu\u011funu ifade etti. Ward, bu program\u0131n, sulama sekt\u00f6r\u00fcne destek ve \u00e7ift\u00e7ileri g\u00fc\u00e7lendirmeye y\u00f6nelik projeler gibi organizasyonun m\u00fcdahalelerinin bir par\u00e7as\u0131 oldu\u011funu, b\u00f6ylece tar\u0131msal \u00fcr\u00fcnlerin yerel pazar ihtiyac\u0131n\u0131 kar\u015f\u0131lamas\u0131 ve d\u0131\u015fa ihracat potansiyelinin art\u0131r\u0131lmas\u0131n\u0131n hedeflendi\u011fini belirtti.<br \/>\n<\/span><\/p>\n<div id='gallery-1' class='gallery galleryid-325469 gallery-columns-3 gallery-size-thumbnail'><figure class='gallery-item'>\n\t\t\t<div class='gallery-icon landscape'>\n\t\t\t\t<a href='https:\/\/archive.sana.sy\/tr\/?attachment_id=325473'><img loading=\"lazy\" decoding=\"async\" width=\"150\" height=\"150\" src=\"https:\/\/archive.sana.sy\/tr\/wp-content\/uploads\/2025\/07\/74-150x150.jpg\" class=\"attachment-thumbnail size-thumbnail\" alt=\"\" \/><\/a>\n\t\t\t<\/div><\/figure><figure class='gallery-item'>\n\t\t\t<div class='gallery-icon landscape'>\n\t\t\t\t<a href='https:\/\/archive.sana.sy\/tr\/?attachment_id=325474'><img loading=\"lazy\" decoding=\"async\" width=\"150\" height=\"150\" src=\"https:\/\/archive.sana.sy\/tr\/wp-content\/uploads\/2025\/07\/75-150x150.jpg\" class=\"attachment-thumbnail size-thumbnail\" alt=\"\" \/><\/a>\n\t\t\t<\/div><\/figure><figure class='gallery-item'>\n\t\t\t<div class='gallery-icon landscape'>\n\t\t\t\t<a href='https:\/\/archive.sana.sy\/tr\/?attachment_id=325475'><img loading=\"lazy\" decoding=\"async\" width=\"150\" height=\"150\" src=\"https:\/\/archive.sana.sy\/tr\/wp-content\/uploads\/2025\/07\/76-150x150.png\" class=\"attachment-thumbnail size-thumbnail\" alt=\"\" \/><\/a>\n\t\t\t<\/div><\/figure>\n\t\t<\/div>\n\n<p style=\"text-align: justify;\"><span style=\"text-align: justify;\">\u00a0<\/span><\/p>\n","protected":false},"excerpt":{"rendered":"<p>\u015eAM (SANA) &#8211; Suriye Tar\u0131m Bakanl\u0131\u011f\u0131, bug\u00fcn D\u00fcnya G\u0131da Program\u0131 (WFP) ile Suriye\u2019de kurakl\u0131ktan zarar g\u00f6ren \u00e7ift\u00e7ilere destek amac\u0131yla bir anla\u015fma imzalad\u0131. Tar\u0131m Bakan\u0131 Amced Bedir ile D\u00fcnya G\u0131da Program\u0131 Ulusal Direkt\u00f6r\u00fc Marian Ward\u2019\u0131n Bakanl\u0131k binas\u0131nda imzalad\u0131\u011f\u0131 anla\u015fma, kurakl\u0131ktan etkilenen tar\u0131m topluluklar\u0131na y\u00f6nelik destek sa\u011flamay\u0131, kurakl\u0131\u011f\u0131n yaratt\u0131\u011f\u0131 acil etkileri azaltmak i\u00e7in ulusal \u00e7abalara katk\u0131da bulunmay\u0131, &hellip;<\/p>\n","protected":false},"author":41,"featured_media":325470,"comment_status":"closed","ping_status":"closed","sticky":false,"template":"","format":"standard","meta":{"footnotes":""},"categories":[485,589,486,17988],"tags":[],"class_list":["post-325469","post","type-post","status-publish","format-standard","has-post-thumbnail","","category-is-ve-sermaye","category-haber-seridi","category-haberler-is-ve-sermaye","category-son-haberler"],"_links":{"self":[{"href":"https:\/\/archive.sana.sy\/tr\/index.php?rest_route=\/wp\/v2\/posts\/325469","targetHints":{"allow":["GET"]}}],"collection":[{"href":"https:\/\/archive.sana.sy\/tr\/index.php?rest_route=\/wp\/v2\/posts"}],"about":[{"href":"https:\/\/archive.sana.sy\/tr\/index.php?rest_route=\/wp\/v2\/types\/post"}],"author":[{"embeddable":true,"href":"https:\/\/archive.sana.sy\/tr\/index.php?rest_route=\/wp\/v2\/users\/41"}],"replies":[{"embeddable":true,"href":"https:\/\/archive.sana.sy\/tr\/index.php?rest_route=%2Fwp%2Fv2%2Fcomments&post=325469"}],"version-history":[{"count":3,"href":"https:\/\/archive.sana.sy\/tr\/index.php?rest_route=\/wp\/v2\/posts\/325469\/revisions"}],"predecessor-version":[{"id":325478,"href":"https:\/\/archive.sana.sy\/tr\/index.php?rest_route=\/wp\/v2\/posts\/325469\/revisions\/325478"}],"wp:featuredmedia":[{"embeddable":true,"href":"https:\/\/archive.sana.sy\/tr\/index.php?rest_route=\/wp\/v2\/media\/325470"}],"wp:attachment":[{"href":"https:\/\/archive.sana.sy\/tr\/index.php?rest_route=%2Fwp%2Fv2%2Fmedia&parent=325469"}],"wp:term":[{"taxonomy":"category","embeddable":true,"href":"https:\/\/archive.sana.sy\/tr\/index.php?rest_route=%2Fwp%2Fv2%2Fcategories&post=325469"},{"taxonomy":"post_tag","embeddable":true,"href":"https:\/\/archive.sana.sy\/tr\/index.php?rest_route=%2Fwp%2Fv2%2Ftags&post=325469"}],"curies":[{"name":"wp","href":"https:\/\/api.w.org\/{rel}","templated":true}]}}