{"id":325479,"date":"2025-07-14T08:44:49","date_gmt":"2025-07-14T05:44:49","guid":{"rendered":"https:\/\/sana.sy\/tr\/?p=325479"},"modified":"2025-07-14T09:18:50","modified_gmt":"2025-07-14T06:18:50","slug":"suveyde-sana-muhabiri-suveydede-catismalari-durdurmak-ve-sivilleri-korumak-icin-gorevlendirilen-suriye-arap-ordusu-askerlerinden-birkaci-kanunsuz-gruplarin-hedefi-haline-gelerek-sehit-dustu","status":"publish","type":"post","link":"https:\/\/archive.sana.sy\/tr\/?p=325479","title":{"rendered":"S\u00fcveyde SANA muhabiri: S\u00fcveyde&#8217;de \u00e7at\u0131\u015fmalar\u0131 durdurmak ve sivilleri korumak i\u00e7in g\u00f6revlendirilen Suriye Arap Ordusu askerlerinden birka\u00e7\u0131, kanunsuz gruplar\u0131n hedefi haline gelerek \u015fehit d\u00fc\u015ft\u00fc."},"content":{"rendered":"","protected":false},"excerpt":{"rendered":"","protected":false},"author":39,"featured_media":0,"comment_status":"closed","ping_status":"closed","sticky":false,"template":"","format":"standard","meta":{"footnotes":""},"categories":[1],"tags":[],"class_list":["post-325479","post","type-post","status-publish","format-standard","","category-news-not-sorted"],"_links":{"self":[{"href":"https:\/\/archive.sana.sy\/tr\/index.php?rest_route=\/wp\/v2\/posts\/325479","targetHints":{"allow":["GET"]}}],"collection":[{"href":"https:\/\/archive.sana.sy\/tr\/index.php?rest_route=\/wp\/v2\/posts"}],"about":[{"href":"https:\/\/archive.sana.sy\/tr\/index.php?rest_route=\/wp\/v2\/types\/post"}],"author":[{"embeddable":true,"href":"https:\/\/archive.sana.sy\/tr\/index.php?rest_route=\/wp\/v2\/users\/39"}],"replies":[{"embeddable":true,"href":"https:\/\/archive.sana.sy\/tr\/index.php?rest_route=%2Fwp%2Fv2%2Fcomments&post=325479"}],"version-history":[{"count":1,"href":"https:\/\/archive.sana.sy\/tr\/index.php?rest_route=\/wp\/v2\/posts\/325479\/revisions"}],"predecessor-version":[{"id":325480,"href":"https:\/\/archive.sana.sy\/tr\/index.php?rest_route=\/wp\/v2\/posts\/325479\/revisions\/325480"}],"wp:attachment":[{"href":"https:\/\/archive.sana.sy\/tr\/index.php?rest_route=%2Fwp%2Fv2%2Fmedia&parent=325479"}],"wp:term":[{"taxonomy":"category","embeddable":true,"href":"https:\/\/archive.sana.sy\/tr\/index.php?rest_route=%2Fwp%2Fv2%2Fcategories&post=325479"},{"taxonomy":"post_tag","embeddable":true,"href":"https:\/\/archive.sana.sy\/tr\/index.php?rest_route=%2Fwp%2Fv2%2Ftags&post=325479"}],"curies":[{"name":"wp","href":"https:\/\/api.w.org\/{rel}","templated":true}]}}