{"id":325481,"date":"2025-07-14T10:40:08","date_gmt":"2025-07-14T07:40:08","guid":{"rendered":"https:\/\/sana.sy\/tr\/?p=325481"},"modified":"2025-07-14T14:52:08","modified_gmt":"2025-07-14T11:52:08","slug":"savunma-bakanligi-icisleri-bakanligi-ile-koordineli-olarak-suveydaya-askeri-birliklerimizi-konuslandirmaya-basladik","status":"publish","type":"post","link":"https:\/\/archive.sana.sy\/tr\/?p=325481","title":{"rendered":"Savunma Bakanl\u0131\u011f\u0131: \u0130\u00e7i\u015fleri Bakanl\u0131\u011f\u0131 \u0130le Koordineli Olarak S\u00fcveyda&#8217;ya Askeri Birliklerimizi Konu\u015fland\u0131rmaya Ba\u015flad\u0131k"},"content":{"rendered":"<p style=\"text-align: justify;\"><span style=\"color: #ff0000;\"><strong>\u015eAM (SANA) &#8211;\u00a0<\/strong><\/span>Suriye Savunma Bakanl\u0131\u011f\u0131, S\u00fcveyda Valili\u011fi&#8217;ndeki \u00e7\u0131kan \u00e7at\u0131\u015fmalar\u0131n ard\u0131ndan olu\u015fan kurumsal bo\u015flu\u011fun, kaos ortam\u0131n\u0131n k\u00f6t\u00fcle\u015fmesine ve resmi g\u00fcvenlik veya askeri kurumlar\u0131n m\u00fcdahale edememesine yol a\u00e7arak, sakinle\u015ftirme ve \u00f6z denetim \u00e7abalar\u0131n\u0131 engelledi\u011fini vurgulad\u0131.<\/p>\n<p style=\"text-align: justify;\">Savunma Bakanl\u0131\u011f\u0131, SANA&#8217;n\u0131n da bir kopyas\u0131n\u0131 elde etti\u011fi S\u00fcveyda vilayetindeki olaylara ili\u015fkin a\u00e7\u0131klamas\u0131nda, &#8220;Son iki g\u00fcnde S\u00fcveyda vilayetinde ya\u015fanan ve \u00e7ok say\u0131da mahalle ve kasabada otuzdan fazla ki\u015finin \u00f6l\u00fcm\u00fcne, y\u00fcze yak\u0131n ki\u015finin yaralanmas\u0131na yol a\u00e7an kanl\u0131 geli\u015fmeleri derin bir \u00fcz\u00fcnt\u00fc ve endi\u015feyle takip ediyoruz&#8221; belirtti.<\/p>\n<p style=\"text-align: justify;\">Bakanl\u0131k a\u00e7\u0131klamas\u0131nda, &#8220;\u0130\u00e7i\u015fleri Bakanl\u0131\u011f\u0131 ile koordinasyon halinde, etkilenen b\u00f6lgelere uzman askeri birliklerimizi konu\u015fland\u0131rmaya ba\u015flad\u0131k, sivillere g\u00fcvenli ge\u00e7i\u015fler sa\u011flad\u0131k ve \u00e7at\u0131\u015fmalar\u0131 h\u0131zl\u0131 ve kararl\u0131 bir \u015fekilde da\u011f\u0131tt\u0131k. Askerlerimizin yasalara uygun olarak sivilleri koruma konusundaki kararl\u0131l\u0131\u011f\u0131n\u0131 teyit ediyoruz&#8221; ifadelerine yer verildi.<\/p>\n<p style=\"text-align: justify;\">Savunma Bakanl\u0131\u011f\u0131, &#8220;S\u00fcveyda&#8217;daki t\u00fcm taraflar\u0131, g\u00fc\u00e7lerimiz ve \u0130\u00e7 G\u00fcvenlik G\u00fc\u00e7lerimizle i\u015f birli\u011fi yapmaya ve itidal g\u00f6stermeye \u00e7a\u011f\u0131r\u0131yoruz. Devam eden t\u0131rman\u0131\u015f, sivillerin ac\u0131s\u0131n\u0131 art\u0131r\u0131yor&#8221; diye ekledi.<\/p>\n<p style=\"text-align: justify;\">Savunma Bakanl\u0131\u011f\u0131 ayr\u0131ca: S\u00fcveyda&#8217;da g\u00fcvenlik ve istikrar\u0131n yeniden sa\u011flanmas\u0131, devlet ve vatanda\u015flar aras\u0131nda ortak bir sorumluluktur. Sivil bar\u0131\u015f\u0131 g\u00fc\u00e7lendirmeyi, vatanda\u015fl\u0131k bilincini a\u015f\u0131lamay\u0131 ve herkesin onuruna yak\u0131\u015f\u0131r g\u00fcvenli bir gelecek in\u015fa etmeyi ama\u00e7layan her t\u00fcrl\u00fc giri\u015fimi desteklemeye haz\u0131r oldu\u011fumuzu beyan ederiz.<\/p>\n<p style=\"text-align: justify;\">Bakanl\u0131k, &#8220;\u00c7at\u0131\u015fma \u00e7\u00f6z\u00fcm \u00e7al\u0131\u015fanlar\u0131n\u0131n, sakinleri korumak, \u00e7at\u0131\u015fmalar\u0131 durdurmak ve daha fazla ihlali \u00f6nlemek i\u00e7in kendilerine verilen g\u00f6revleri tam olarak yerine getirmelerini \u00f6neriyoruz&#8221; diyerek s\u00f6zlerini tamamlad\u0131.<\/p>\n","protected":false},"excerpt":{"rendered":"<p>\u015eAM (SANA) &#8211;\u00a0Suriye Savunma Bakanl\u0131\u011f\u0131, S\u00fcveyda Valili\u011fi&#8217;ndeki \u00e7\u0131kan \u00e7at\u0131\u015fmalar\u0131n ard\u0131ndan olu\u015fan kurumsal bo\u015flu\u011fun, kaos ortam\u0131n\u0131n k\u00f6t\u00fcle\u015fmesine ve resmi g\u00fcvenlik veya askeri kurumlar\u0131n m\u00fcdahale edememesine yol a\u00e7arak, sakinle\u015ftirme ve \u00f6z denetim \u00e7abalar\u0131n\u0131 engelledi\u011fini vurgulad\u0131. Savunma Bakanl\u0131\u011f\u0131, SANA&#8217;n\u0131n da bir kopyas\u0131n\u0131 elde etti\u011fi S\u00fcveyda vilayetindeki olaylara ili\u015fkin a\u00e7\u0131klamas\u0131nda, &#8220;Son iki g\u00fcnde S\u00fcveyda vilayetinde ya\u015fanan ve \u00e7ok say\u0131da &hellip;<\/p>\n","protected":false},"author":39,"featured_media":325483,"comment_status":"closed","ping_status":"closed","sticky":false,"template":"","format":"standard","meta":{"footnotes":""},"categories":[589,479,17988,478],"tags":[],"class_list":["post-325481","post","type-post","status-publish","format-standard","has-post-thumbnail","","category-haber-seridi","category-haberler-yerel","category-son-haberler","category-yerel"],"_links":{"self":[{"href":"https:\/\/archive.sana.sy\/tr\/index.php?rest_route=\/wp\/v2\/posts\/325481","targetHints":{"allow":["GET"]}}],"collection":[{"href":"https:\/\/archive.sana.sy\/tr\/index.php?rest_route=\/wp\/v2\/posts"}],"about":[{"href":"https:\/\/archive.sana.sy\/tr\/index.php?rest_route=\/wp\/v2\/types\/post"}],"author":[{"embeddable":true,"href":"https:\/\/archive.sana.sy\/tr\/index.php?rest_route=\/wp\/v2\/users\/39"}],"replies":[{"embeddable":true,"href":"https:\/\/archive.sana.sy\/tr\/index.php?rest_route=%2Fwp%2Fv2%2Fcomments&post=325481"}],"version-history":[{"count":1,"href":"https:\/\/archive.sana.sy\/tr\/index.php?rest_route=\/wp\/v2\/posts\/325481\/revisions"}],"predecessor-version":[{"id":325484,"href":"https:\/\/archive.sana.sy\/tr\/index.php?rest_route=\/wp\/v2\/posts\/325481\/revisions\/325484"}],"wp:featuredmedia":[{"embeddable":true,"href":"https:\/\/archive.sana.sy\/tr\/index.php?rest_route=\/wp\/v2\/media\/325483"}],"wp:attachment":[{"href":"https:\/\/archive.sana.sy\/tr\/index.php?rest_route=%2Fwp%2Fv2%2Fmedia&parent=325481"}],"wp:term":[{"taxonomy":"category","embeddable":true,"href":"https:\/\/archive.sana.sy\/tr\/index.php?rest_route=%2Fwp%2Fv2%2Fcategories&post=325481"},{"taxonomy":"post_tag","embeddable":true,"href":"https:\/\/archive.sana.sy\/tr\/index.php?rest_route=%2Fwp%2Fv2%2Ftags&post=325481"}],"curies":[{"name":"wp","href":"https:\/\/api.w.org\/{rel}","templated":true}]}}