{"id":325485,"date":"2025-07-14T10:45:54","date_gmt":"2025-07-14T07:45:54","guid":{"rendered":"https:\/\/sana.sy\/tr\/?p=325485"},"modified":"2025-07-15T14:17:40","modified_gmt":"2025-07-15T11:17:40","slug":"ic-guvenlik-gucleri-ve-suriye-arap-ordusu-birlikleri-suveydaya-konuslandirildi","status":"publish","type":"post","link":"https:\/\/archive.sana.sy\/tr\/?p=325485","title":{"rendered":"\u0130\u00e7 G\u00fcvenlik G\u00fc\u00e7leri Ve Suriye Arap Ordusu Birlikleri S\u00fcveyda&#8217;ya Konu\u015fland\u0131"},"content":{"rendered":"<p style=\"text-align: justify;\"><span style=\"color: #ff0000;\"><strong>S\u00dcVEYDA (SANA) &#8211;\u00a0 <\/strong><\/span>Son g\u00fcvenlik geli\u015fmeleri \u00fczerine S\u00fcveyda&#8217;daki k\u00f6ylere \u0130\u00e7 G\u00fcvenlik G\u00fc\u00e7leri ve Suriye Arap Ordusu birlikleri konu\u015fland\u0131r\u0131ld\u0131.<\/p>\n<p style=\"text-align: justify;\">Bu birlikler, \u00e7at\u0131\u015fmalar\u0131 ay\u0131rmak, gerginli\u011fin t\u0131rmanmas\u0131n\u0131 \u00f6nlemek ve vatanda\u015flar\u0131n ve mallar\u0131n\u0131n g\u00fcvenli\u011fini sa\u011flamak amac\u0131yla g\u00f6revlendirildi.<\/p>\n<div id='gallery-1' class='gallery galleryid-325485 gallery-columns-1 gallery-size-full'><figure class='gallery-item'>\n\t\t\t<div class='gallery-icon landscape'>\n\t\t\t\t<a href='https:\/\/archive.sana.sy\/tr\/wp-content\/uploads\/2025\/07\/photo_2025-07-14_10-30-59.jpg'><img loading=\"lazy\" decoding=\"async\" width=\"866\" height=\"635\" src=\"https:\/\/archive.sana.sy\/tr\/wp-content\/uploads\/2025\/07\/photo_2025-07-14_10-30-59.jpg\" class=\"attachment-full size-full\" alt=\"\" srcset=\"https:\/\/archive.sana.sy\/tr\/wp-content\/uploads\/2025\/07\/photo_2025-07-14_10-30-59.jpg 866w, https:\/\/archive.sana.sy\/tr\/wp-content\/uploads\/2025\/07\/photo_2025-07-14_10-30-59-300x220.jpg 300w, https:\/\/archive.sana.sy\/tr\/wp-content\/uploads\/2025\/07\/photo_2025-07-14_10-30-59-768x563.jpg 768w\" sizes=\"auto, (max-width: 866px) 100vw, 866px\" \/><\/a>\n\t\t\t<\/div><\/figure><figure class='gallery-item'>\n\t\t\t<div class='gallery-icon landscape'>\n\t\t\t\t<a href='https:\/\/archive.sana.sy\/tr\/wp-content\/uploads\/2025\/07\/photo_2025-07-14_10-31-00.jpg'><img loading=\"lazy\" decoding=\"async\" width=\"992\" height=\"744\" src=\"https:\/\/archive.sana.sy\/tr\/wp-content\/uploads\/2025\/07\/photo_2025-07-14_10-31-00.jpg\" class=\"attachment-full size-full\" alt=\"\" srcset=\"https:\/\/archive.sana.sy\/tr\/wp-content\/uploads\/2025\/07\/photo_2025-07-14_10-31-00.jpg 992w, https:\/\/archive.sana.sy\/tr\/wp-content\/uploads\/2025\/07\/photo_2025-07-14_10-31-00-300x225.jpg 300w, https:\/\/archive.sana.sy\/tr\/wp-content\/uploads\/2025\/07\/photo_2025-07-14_10-31-00-768x576.jpg 768w\" sizes=\"auto, (max-width: 992px) 100vw, 992px\" \/><\/a>\n\t\t\t<\/div><\/figure>\n\t\t<\/div>\n\n","protected":false},"excerpt":{"rendered":"<p>S\u00dcVEYDA (SANA) &#8211;\u00a0 Son g\u00fcvenlik geli\u015fmeleri \u00fczerine S\u00fcveyda&#8217;daki k\u00f6ylere \u0130\u00e7 G\u00fcvenlik G\u00fc\u00e7leri ve Suriye Arap Ordusu birlikleri konu\u015fland\u0131r\u0131ld\u0131. Bu birlikler, \u00e7at\u0131\u015fmalar\u0131 ay\u0131rmak, gerginli\u011fin t\u0131rmanmas\u0131n\u0131 \u00f6nlemek ve vatanda\u015flar\u0131n ve mallar\u0131n\u0131n g\u00fcvenli\u011fini sa\u011flamak amac\u0131yla g\u00f6revlendirildi.<\/p>\n","protected":false},"author":36,"featured_media":325488,"comment_status":"closed","ping_status":"closed","sticky":false,"template":"","format":"standard","meta":{"footnotes":""},"categories":[596,479,17988,478],"tags":[],"class_list":["post-325485","post","type-post","status-publish","format-standard","has-post-thumbnail","","category-fotografli-raporlar","category-haberler-yerel","category-son-haberler","category-yerel"],"_links":{"self":[{"href":"https:\/\/archive.sana.sy\/tr\/index.php?rest_route=\/wp\/v2\/posts\/325485","targetHints":{"allow":["GET"]}}],"collection":[{"href":"https:\/\/archive.sana.sy\/tr\/index.php?rest_route=\/wp\/v2\/posts"}],"about":[{"href":"https:\/\/archive.sana.sy\/tr\/index.php?rest_route=\/wp\/v2\/types\/post"}],"author":[{"embeddable":true,"href":"https:\/\/archive.sana.sy\/tr\/index.php?rest_route=\/wp\/v2\/users\/36"}],"replies":[{"embeddable":true,"href":"https:\/\/archive.sana.sy\/tr\/index.php?rest_route=%2Fwp%2Fv2%2Fcomments&post=325485"}],"version-history":[{"count":5,"href":"https:\/\/archive.sana.sy\/tr\/index.php?rest_route=\/wp\/v2\/posts\/325485\/revisions"}],"predecessor-version":[{"id":325587,"href":"https:\/\/archive.sana.sy\/tr\/index.php?rest_route=\/wp\/v2\/posts\/325485\/revisions\/325587"}],"wp:featuredmedia":[{"embeddable":true,"href":"https:\/\/archive.sana.sy\/tr\/index.php?rest_route=\/wp\/v2\/media\/325488"}],"wp:attachment":[{"href":"https:\/\/archive.sana.sy\/tr\/index.php?rest_route=%2Fwp%2Fv2%2Fmedia&parent=325485"}],"wp:term":[{"taxonomy":"category","embeddable":true,"href":"https:\/\/archive.sana.sy\/tr\/index.php?rest_route=%2Fwp%2Fv2%2Fcategories&post=325485"},{"taxonomy":"post_tag","embeddable":true,"href":"https:\/\/archive.sana.sy\/tr\/index.php?rest_route=%2Fwp%2Fv2%2Ftags&post=325485"}],"curies":[{"name":"wp","href":"https:\/\/api.w.org\/{rel}","templated":true}]}}