{"id":325491,"date":"2025-07-14T12:14:40","date_gmt":"2025-07-14T09:14:40","guid":{"rendered":"https:\/\/sana.sy\/tr\/?p=325491"},"modified":"2025-07-14T14:58:29","modified_gmt":"2025-07-14T11:58:29","slug":"suriye-urdun-teknik-ekonomi-komitesi-toplantilari-ammanda-basladi","status":"publish","type":"post","link":"https:\/\/archive.sana.sy\/tr\/?p=325491","title":{"rendered":"Suriye-\u00dcrd\u00fcn Teknik Ekonomi Komitesi Toplant\u0131lar\u0131 Amman&#8217;da Ba\u015flad\u0131"},"content":{"rendered":"<p style=\"text-align: justify;\"><span style=\"color: #ff0000;\"><strong>AMMAN (SANA) &#8211; <\/strong><\/span>Suriye-\u00dcrd\u00fcn Ortak Teknik, Ekonomi ve Ticaret Komitesi, bug\u00fcn \u00dcrd\u00fcn&#8217;\u00fcn ba\u015fkenti Amman&#8217;da \u00e7al\u0131\u015fmalar\u0131na ba\u015flad\u0131.<\/p>\n<p style=\"text-align: justify;\">Komiteye Suriye taraf\u0131nda Ekonomi ve Sanayi Bakan Yard\u0131mc\u0131s\u0131 Basil Abdulhanan, \u00dcrd\u00fcn taraf\u0131nda ise Sanayi, Ticaret ve Tedarik Bakanl\u0131\u011f\u0131 Genel Sekreteri Dana El Zubi ba\u015fkanl\u0131k etti.<\/p>\n<p style=\"text-align: justify;\">A\u00e7\u0131l\u0131\u015f konu\u015fmalar\u0131nda iki taraf, \u00fclkelerinin ekonomik ve ticari i\u015f birli\u011fini g\u00fc\u00e7lendirme ve ortak \u00e7\u0131karlar\u0131na hizmet edecek ikili ili\u015fkilerin geli\u015ftirilmesinin \u00f6n\u00fcndeki engelleri a\u015fma konusundaki kararl\u0131l\u0131klar\u0131n\u0131 teyit ederken, her iki \u00fclkedeki sanayi, ticaret ve yat\u0131r\u0131m sekt\u00f6rlerini olumlu y\u00f6nde etkileyecek ortakl\u0131k ufuklar\u0131n\u0131n geni\u015fletilmesinin \u00f6nemini vurgulad\u0131lar.<\/p>\n<p style=\"text-align: justify;\">S\u00f6z konusu g\u00f6r\u00fc\u015fmeler, Suriye ile \u00dcrd\u00fcn aras\u0131nda \u00e7e\u015fitli ekonomik alanlarda ortak i\u015f birli\u011fini geli\u015ftirme \u00e7abalar\u0131 kapsam\u0131nda devam eden bir dizi g\u00f6r\u00fc\u015fmenin par\u00e7as\u0131d\u0131r.<\/p>\n","protected":false},"excerpt":{"rendered":"<p>AMMAN (SANA) &#8211; Suriye-\u00dcrd\u00fcn Ortak Teknik, Ekonomi ve Ticaret Komitesi, bug\u00fcn \u00dcrd\u00fcn&#8217;\u00fcn ba\u015fkenti Amman&#8217;da \u00e7al\u0131\u015fmalar\u0131na ba\u015flad\u0131. Komiteye Suriye taraf\u0131nda Ekonomi ve Sanayi Bakan Yard\u0131mc\u0131s\u0131 Basil Abdulhanan, \u00dcrd\u00fcn taraf\u0131nda ise Sanayi, Ticaret ve Tedarik Bakanl\u0131\u011f\u0131 Genel Sekreteri Dana El Zubi ba\u015fkanl\u0131k etti. A\u00e7\u0131l\u0131\u015f konu\u015fmalar\u0131nda iki taraf, \u00fclkelerinin ekonomik ve ticari i\u015f birli\u011fini g\u00fc\u00e7lendirme ve ortak \u00e7\u0131karlar\u0131na &hellip;<\/p>\n","protected":false},"author":36,"featured_media":325492,"comment_status":"closed","ping_status":"closed","sticky":false,"template":"","format":"standard","meta":{"footnotes":""},"categories":[458,589,459,17988],"tags":[],"class_list":["post-325491","post","type-post","status-publish","format-standard","has-post-thumbnail","","category-dunya1","category-haber-seridi","category-haberler-arap-uluslararasi-politika","category-son-haberler"],"_links":{"self":[{"href":"https:\/\/archive.sana.sy\/tr\/index.php?rest_route=\/wp\/v2\/posts\/325491","targetHints":{"allow":["GET"]}}],"collection":[{"href":"https:\/\/archive.sana.sy\/tr\/index.php?rest_route=\/wp\/v2\/posts"}],"about":[{"href":"https:\/\/archive.sana.sy\/tr\/index.php?rest_route=\/wp\/v2\/types\/post"}],"author":[{"embeddable":true,"href":"https:\/\/archive.sana.sy\/tr\/index.php?rest_route=\/wp\/v2\/users\/36"}],"replies":[{"embeddable":true,"href":"https:\/\/archive.sana.sy\/tr\/index.php?rest_route=%2Fwp%2Fv2%2Fcomments&post=325491"}],"version-history":[{"count":3,"href":"https:\/\/archive.sana.sy\/tr\/index.php?rest_route=\/wp\/v2\/posts\/325491\/revisions"}],"predecessor-version":[{"id":325499,"href":"https:\/\/archive.sana.sy\/tr\/index.php?rest_route=\/wp\/v2\/posts\/325491\/revisions\/325499"}],"wp:featuredmedia":[{"embeddable":true,"href":"https:\/\/archive.sana.sy\/tr\/index.php?rest_route=\/wp\/v2\/media\/325492"}],"wp:attachment":[{"href":"https:\/\/archive.sana.sy\/tr\/index.php?rest_route=%2Fwp%2Fv2%2Fmedia&parent=325491"}],"wp:term":[{"taxonomy":"category","embeddable":true,"href":"https:\/\/archive.sana.sy\/tr\/index.php?rest_route=%2Fwp%2Fv2%2Fcategories&post=325491"},{"taxonomy":"post_tag","embeddable":true,"href":"https:\/\/archive.sana.sy\/tr\/index.php?rest_route=%2Fwp%2Fv2%2Ftags&post=325491"}],"curies":[{"name":"wp","href":"https:\/\/api.w.org\/{rel}","templated":true}]}}