{"id":325495,"date":"2025-07-14T14:08:34","date_gmt":"2025-07-14T11:08:34","guid":{"rendered":"https:\/\/sana.sy\/tr\/?p=325495"},"modified":"2025-07-14T14:08:34","modified_gmt":"2025-07-14T11:08:34","slug":"el-baba-suveydada-kanunun-ve-devletin-otoritesinin-saglanmasi-zorunlu-ve-halkin-ortak-talebidir","status":"publish","type":"post","link":"https:\/\/archive.sana.sy\/tr\/?p=325495","title":{"rendered":"El Baba: S\u00fcveyda\u2019da Kanunun ve Devletin Otoritesinin Sa\u011flanmas\u0131 Zorunlu Ve Halk\u0131n Ortak Talebidir"},"content":{"rendered":"<p style=\"text-align: justify;\"><span style=\"color: #ff0000;\"><strong>\u015eAM (SANA) &#8211; <\/strong><\/span>\u0130\u00e7i\u015fleri Bakanl\u0131\u011f\u0131 S\u00f6zc\u00fcs\u00fc Nureddin El Baba, devletin S\u00fcveyda vilayetinde m\u00fcdahalede bulunarak kanunun ve devlet otoritesinin tesis edilmesinin, son yedi ay boyunca ya\u015fanan g\u00fcvenlik zafiyeti g\u00f6z \u00f6n\u00fcne al\u0131nd\u0131\u011f\u0131nda, art\u0131k ka\u00e7\u0131n\u0131lmaz bir zorunluluk ve halk\u0131n ortak talebi haline geldi\u011fini belirterek, vatanda\u015flar aras\u0131nda fitne ve korku yayan asi gruplara kar\u015f\u0131 kararl\u0131 olunmas\u0131 gerekti\u011fini vurgulad\u0131.<\/p>\n<p style=\"text-align: justify;\">Suriye El \u0130HBAR\u0130YE kanal\u0131na yapt\u0131\u011f\u0131 a\u00e7\u0131klamada \u0130\u00e7i\u015fleri Bakanl\u0131\u011f\u0131 S\u00f6zc\u00fcs\u00fc, \u201cS\u00fcveyda\u2019daki son g\u00fcnlerde meydana gelen \u00e7at\u0131\u015fmalar son derece \u00fcz\u00fcc\u00fcd\u00fcr ve onlarca ki\u015finin \u00f6l\u00fcm\u00fcne ve yaralanmas\u0131na yol a\u00e7t\u0131. Bu nedenle, devletin resmi kurumlar\u0131 arac\u0131l\u0131\u011f\u0131yla b\u00f6lgeye m\u00fcdahale etmesi ve g\u00fcvenli\u011fin yeniden tesis edilmesi art\u0131k ka\u00e7\u0131n\u0131lmaz bir zorunluluktur\u201d dedi.<\/p>\n<p style=\"text-align: justify;\">El Baba a\u00e7\u0131klamas\u0131nda ayr\u0131ca: \u201c\u0130\u00e7i\u015fleri ve Savunma Bakanl\u0131klar\u0131na ba\u011fl\u0131 g\u00fc\u00e7ler sabah\u0131n erken saatlerinden itibaren S\u00fcveyda\u2019ya giri\u015f yaparak \u015fehir i\u00e7inde konu\u015flanmaya ba\u015flay\u0131p, hukuk d\u0131\u015f\u0131nda hareket eden silahl\u0131 gruplarla baz\u0131 \u00e7at\u0131\u015fmalar ya\u015fand\u0131\u011f\u0131n\u0131 belirtirken, ancak g\u00fc\u00e7lerimiz, siviller aras\u0131nda herhangi bir kay\u0131p veya can kayb\u0131 ya\u015fanmamas\u0131 i\u00e7in ellerinden geleni yap\u0131yor&#8221; dedi.<\/p>\n<p style=\"text-align: justify;\">S\u00f6zc\u00fc, \u201cbaz\u0131 i\u00e7 g\u00fcvenlik ve savunma kuvvetlerinin g\u00fczergah\u0131 \u015fa\u015f\u0131rarak yasa d\u0131\u015f\u0131 silahl\u0131 gruplar\u0131n pususuna d\u00fc\u015ft\u00fc\u201d diye aktard\u0131.<\/p>\n<p style=\"text-align: justify;\">\u0130\u00e7i\u015fleri Bakanl\u0131\u011f\u0131 S\u00f6zc\u00fcs\u00fc, bu gruplar\u0131n sivil halk\u0131 canl\u0131 kalkan olarak kulland\u0131\u011f\u0131n\u0131 ve S\u00fcveyda\u2019daki sivil ak\u0131m\u0131n g\u00f6r\u00fc\u015f\u00fcn\u00fc kendi ayr\u0131l\u0131k\u00e7\u0131 g\u00fcndemleri do\u011frultusunda bast\u0131rmaya \u00e7al\u0131\u015ft\u0131\u011f\u0131n\u0131 belirtirken, devletin, Cumhurba\u015fkanl\u0131\u011f\u0131 makam\u0131 taraf\u0131ndan belirlenen vizyon \u00e7er\u00e7evesinde, hukuku ihlal edenlere kar\u015f\u0131 devlet otoritesinin sa\u011flanmas\u0131 y\u00f6n\u00fcnde kararl\u0131 bir ad\u0131m att\u0131\u011f\u0131n\u0131 vurgulad\u0131.<\/p>\n<p style=\"text-align: justify;\">El Baba, g\u00fcvenlik yay\u0131l\u0131m plan\u0131 ba\u015flamadan \u00f6nce S\u00fcveyda\u2019daki t\u00fcm etkili taraflarla ileti\u015fime ge\u00e7ildi\u011fini ve devlete kar\u015f\u0131 fitne ve korku yayan, S\u00fcveyda\u2019y\u0131 \u00e7at\u0131\u015fma ve hesapla\u015fma alan\u0131na d\u00f6n\u00fc\u015ft\u00fcren gruplara kar\u015f\u0131 kararl\u0131 olunaca\u011f\u0131 y\u00f6n\u00fcnde bilgi verildi\u011fini a\u00e7\u0131klad\u0131.<\/p>\n<p style=\"text-align: justify;\">S\u00f6zc\u00fc son olarak, g\u00fcvenlik yay\u0131l\u0131m plan\u0131 geli\u015ftirildi\u011fini, plan\u0131n g\u00fcn\u00fcn ilerleyen saatlerinde tamamen tamamlanmas\u0131 beklendi\u011fine i\u015faret etti.<\/p>\n","protected":false},"excerpt":{"rendered":"<p>\u015eAM (SANA) &#8211; \u0130\u00e7i\u015fleri Bakanl\u0131\u011f\u0131 S\u00f6zc\u00fcs\u00fc Nureddin El Baba, devletin S\u00fcveyda vilayetinde m\u00fcdahalede bulunarak kanunun ve devlet otoritesinin tesis edilmesinin, son yedi ay boyunca ya\u015fanan g\u00fcvenlik zafiyeti g\u00f6z \u00f6n\u00fcne al\u0131nd\u0131\u011f\u0131nda, art\u0131k ka\u00e7\u0131n\u0131lmaz bir zorunluluk ve halk\u0131n ortak talebi haline geldi\u011fini belirterek, vatanda\u015flar aras\u0131nda fitne ve korku yayan asi gruplara kar\u015f\u0131 kararl\u0131 olunmas\u0131 gerekti\u011fini vurgulad\u0131. Suriye &hellip;<\/p>\n","protected":false},"author":39,"featured_media":325496,"comment_status":"closed","ping_status":"closed","sticky":false,"template":"","format":"standard","meta":{"footnotes":""},"categories":[589,479,575,17988,478],"tags":[],"class_list":["post-325495","post","type-post","status-publish","format-standard","has-post-thumbnail","","category-haber-seridi","category-haberler-yerel","category-olaylar-ve-gercekler","category-son-haberler","category-yerel"],"_links":{"self":[{"href":"https:\/\/archive.sana.sy\/tr\/index.php?rest_route=\/wp\/v2\/posts\/325495","targetHints":{"allow":["GET"]}}],"collection":[{"href":"https:\/\/archive.sana.sy\/tr\/index.php?rest_route=\/wp\/v2\/posts"}],"about":[{"href":"https:\/\/archive.sana.sy\/tr\/index.php?rest_route=\/wp\/v2\/types\/post"}],"author":[{"embeddable":true,"href":"https:\/\/archive.sana.sy\/tr\/index.php?rest_route=\/wp\/v2\/users\/39"}],"replies":[{"embeddable":true,"href":"https:\/\/archive.sana.sy\/tr\/index.php?rest_route=%2Fwp%2Fv2%2Fcomments&post=325495"}],"version-history":[{"count":1,"href":"https:\/\/archive.sana.sy\/tr\/index.php?rest_route=\/wp\/v2\/posts\/325495\/revisions"}],"predecessor-version":[{"id":325497,"href":"https:\/\/archive.sana.sy\/tr\/index.php?rest_route=\/wp\/v2\/posts\/325495\/revisions\/325497"}],"wp:featuredmedia":[{"embeddable":true,"href":"https:\/\/archive.sana.sy\/tr\/index.php?rest_route=\/wp\/v2\/media\/325496"}],"wp:attachment":[{"href":"https:\/\/archive.sana.sy\/tr\/index.php?rest_route=%2Fwp%2Fv2%2Fmedia&parent=325495"}],"wp:term":[{"taxonomy":"category","embeddable":true,"href":"https:\/\/archive.sana.sy\/tr\/index.php?rest_route=%2Fwp%2Fv2%2Fcategories&post=325495"},{"taxonomy":"post_tag","embeddable":true,"href":"https:\/\/archive.sana.sy\/tr\/index.php?rest_route=%2Fwp%2Fv2%2Ftags&post=325495"}],"curies":[{"name":"wp","href":"https:\/\/api.w.org\/{rel}","templated":true}]}}