{"id":325514,"date":"2025-07-14T15:40:30","date_gmt":"2025-07-14T12:40:30","guid":{"rendered":"https:\/\/sana.sy\/tr\/?p=325514"},"modified":"2025-07-14T20:03:34","modified_gmt":"2025-07-14T17:03:34","slug":"lubnan-ilerici-sosyalist-partisi-suveydada-sakinlik-cagrisi-ve-uluslararasi-koruma-taleplerine-ret","status":"publish","type":"post","link":"https:\/\/archive.sana.sy\/tr\/?p=325514","title":{"rendered":"L\u00fcbnan \u0130lerici Sosyalist Partisi: S\u00fcveyda&#8217;da Sakinlik \u00c7a\u011fr\u0131s\u0131 Ve Uluslararas\u0131 Koruma Taleplerine Ret"},"content":{"rendered":"<p style=\"text-align: justify;\"><span style=\"color: #ff0000;\"><strong>BEYRUT (SANA) &#8211;<\/strong><\/span> L\u00fcbnan \u0130lerici Sosyalist Partisi, S\u00fcveyda vilayetinde ya\u015fanan olaylar nedeniyle derin \u00fcz\u00fcnt\u00fcs\u00fcn\u00fc dile getirerek, kan d\u00f6k\u00fclmesini \u00f6nlemek amac\u0131yla derhal sakinlik \u00e7a\u011fr\u0131s\u0131nda bulundu.<\/p>\n<p style=\"text-align: justify;\">Parti, L\u00fcbnan Ulusal Haber Ajans\u0131&#8217;n\u0131n aktard\u0131\u011f\u0131 bir a\u00e7\u0131klamada, herhangi bir kaynaktan gelen uluslararas\u0131 koruma taleplerine kesinlikle kar\u015f\u0131 oldu\u011funu vurgulayarak, g\u00fcvenlik ve koruma sorumlulu\u011funun yaln\u0131zca Suriye devletine ait oldu\u011funu belirtti.<\/p>\n<p style=\"text-align: justify;\">Parti ayr\u0131ca, ilgili taraflarla gerekli temaslar yoluyla gerginli\u011fin sona erdirilmesi i\u00e7in \u00e7aba g\u00f6sterdi\u011fini ifade etti ve Suriye devletinin himayesinde, t\u00fcm Suriye topraklar\u0131nda istikrar, g\u00fcvenlik ve toplumsal bar\u0131\u015f\u0131 sa\u011flayacak, t\u00fcm Suriye halk\u0131n\u0131n bile\u015fenlerinin kat\u0131l\u0131m\u0131yla bar\u0131\u015f\u00e7\u0131l bir \u00e7\u00f6z\u00fcm bulunmas\u0131n\u0131n zorunlu oldu\u011funu kaydetti.<\/p>\n<p style=\"text-align: justify;\">\u0130lerici Sosyalist Parti&#8217;nin eski lideri Velid Ceneblat da yapt\u0131\u011f\u0131 bas\u0131n a\u00e7\u0131klamas\u0131nda, Suriye otoritesinin himayesinde siyasi bir \u00e7\u00f6z\u00fcmle S\u00fcveyda&#8217;da g\u00fcvenlik ve uzla\u015f\u0131n\u0131n yeniden sa\u011flanmas\u0131n\u0131 umut etti\u011fini belirterek, d\u0131\u015f ve \u0130srail kaynakl\u0131 koruma \u00e7a\u011fr\u0131lar\u0131n\u0131 reddetti.<\/p>\n<p style=\"text-align: justify;\">S\u00fcveyda\u2019da yerel askeri gruplar ile a\u015firetler aras\u0131nda Mekvus mahallesinde \u00e7at\u0131\u015fmalar ya\u015fand\u0131 ve bu \u00e7at\u0131\u015fmalarda onlarca ki\u015fi hayat\u0131n\u0131 kaybetti veya yaraland\u0131.<\/p>\n<p style=\"text-align: justify;\">Bunun \u00fczerine Suriye Arap Ordusu birlikleri ve \u0130\u00e7 G\u00fcvenlik Kuvvetleri, \u00e7at\u0131\u015fmalar\u0131n ya\u015fand\u0131\u011f\u0131 b\u00f6lgelere intikal ederek, vatanda\u015flar\u0131n ve mallar\u0131n korunmas\u0131 i\u00e7in m\u00fcdahalede bulundu. Yasad\u0131\u015f\u0131 gruplar\u0131n sald\u0131r\u0131lar\u0131 sonucu ordu birliklerinden \u015fehitler verildi.<\/p>\n<p style=\"text-align: justify;\">\u0130\u00e7i\u015fleri Bakanl\u0131\u011f\u0131, t\u00fcm yerel taraflara \u0130\u00e7 G\u00fcvenlik Kuvvetleri ile i\u015fbirli\u011fi yapma ve sakinli\u011fi sa\u011flamaya y\u00f6nelik \u00e7a\u011fr\u0131da bulunarak, vilayette g\u00fcvenlik g\u00fc\u00e7lerinin h\u0131zl\u0131 bir \u015fekilde konu\u015fland\u0131r\u0131lmas\u0131n\u0131n ve gerilimin nedenlerinin ele al\u0131nmas\u0131 i\u00e7in diyalog ba\u015flat\u0131lmas\u0131n\u0131n \u00f6nemini vurgulad\u0131. Ayr\u0131ca S\u00fcveyda toplumunun t\u00fcm bile\u015fenlerinin onur ve haklar\u0131n\u0131n korunmas\u0131 gerekti\u011fine dikkat \u00e7ekti.<\/p>\n","protected":false},"excerpt":{"rendered":"<p>BEYRUT (SANA) &#8211; L\u00fcbnan \u0130lerici Sosyalist Partisi, S\u00fcveyda vilayetinde ya\u015fanan olaylar nedeniyle derin \u00fcz\u00fcnt\u00fcs\u00fcn\u00fc dile getirerek, kan d\u00f6k\u00fclmesini \u00f6nlemek amac\u0131yla derhal sakinlik \u00e7a\u011fr\u0131s\u0131nda bulundu. Parti, L\u00fcbnan Ulusal Haber Ajans\u0131&#8217;n\u0131n aktard\u0131\u011f\u0131 bir a\u00e7\u0131klamada, herhangi bir kaynaktan gelen uluslararas\u0131 koruma taleplerine kesinlikle kar\u015f\u0131 oldu\u011funu vurgulayarak, g\u00fcvenlik ve koruma sorumlulu\u011funun yaln\u0131zca Suriye devletine ait oldu\u011funu belirtti. Parti ayr\u0131ca, &hellip;<\/p>\n","protected":false},"author":41,"featured_media":325515,"comment_status":"closed","ping_status":"closed","sticky":false,"template":"","format":"standard","meta":{"footnotes":""},"categories":[458,589,459,17988],"tags":[],"class_list":["post-325514","post","type-post","status-publish","format-standard","has-post-thumbnail","","category-dunya1","category-haber-seridi","category-haberler-arap-uluslararasi-politika","category-son-haberler"],"_links":{"self":[{"href":"https:\/\/archive.sana.sy\/tr\/index.php?rest_route=\/wp\/v2\/posts\/325514","targetHints":{"allow":["GET"]}}],"collection":[{"href":"https:\/\/archive.sana.sy\/tr\/index.php?rest_route=\/wp\/v2\/posts"}],"about":[{"href":"https:\/\/archive.sana.sy\/tr\/index.php?rest_route=\/wp\/v2\/types\/post"}],"author":[{"embeddable":true,"href":"https:\/\/archive.sana.sy\/tr\/index.php?rest_route=\/wp\/v2\/users\/41"}],"replies":[{"embeddable":true,"href":"https:\/\/archive.sana.sy\/tr\/index.php?rest_route=%2Fwp%2Fv2%2Fcomments&post=325514"}],"version-history":[{"count":1,"href":"https:\/\/archive.sana.sy\/tr\/index.php?rest_route=\/wp\/v2\/posts\/325514\/revisions"}],"predecessor-version":[{"id":325516,"href":"https:\/\/archive.sana.sy\/tr\/index.php?rest_route=\/wp\/v2\/posts\/325514\/revisions\/325516"}],"wp:featuredmedia":[{"embeddable":true,"href":"https:\/\/archive.sana.sy\/tr\/index.php?rest_route=\/wp\/v2\/media\/325515"}],"wp:attachment":[{"href":"https:\/\/archive.sana.sy\/tr\/index.php?rest_route=%2Fwp%2Fv2%2Fmedia&parent=325514"}],"wp:term":[{"taxonomy":"category","embeddable":true,"href":"https:\/\/archive.sana.sy\/tr\/index.php?rest_route=%2Fwp%2Fv2%2Fcategories&post=325514"},{"taxonomy":"post_tag","embeddable":true,"href":"https:\/\/archive.sana.sy\/tr\/index.php?rest_route=%2Fwp%2Fv2%2Ftags&post=325514"}],"curies":[{"name":"wp","href":"https:\/\/api.w.org\/{rel}","templated":true}]}}