{"id":325527,"date":"2025-07-14T17:34:22","date_gmt":"2025-07-14T14:34:22","guid":{"rendered":"https:\/\/sana.sy\/tr\/?p=325527"},"modified":"2025-07-14T20:08:00","modified_gmt":"2025-07-14T17:08:00","slug":"suriyenin-suveyda-ilinde-yasanan-uzucu-olaylara-iliskin-aciklama","status":"publish","type":"post","link":"https:\/\/archive.sana.sy\/tr\/?p=325527","title":{"rendered":"Suriye\u2019nin S\u00fcveyda \u0130li\u2019nde Ya\u015fanan \u00dcz\u00fcc\u00fc Olaylara \u0130li\u015fkin A\u00e7\u0131klama"},"content":{"rendered":"<p style=\"text-align: justify;\"><span style=\"color: #ff0000;\"><strong>\u015eAM (SANA) \u2013<\/strong><\/span> D\u0131\u015fi\u015fleri ve Gurbet\u00e7iler Bakanl\u0131\u011f\u0131 bug\u00fcn, S\u00fcveyda Valili\u011fi&#8217;nde d\u00fcn ya\u015fanan gerginlikten duyulan endi\u015feyi dile getiren bir a\u00e7\u0131klama yay\u0131mlad\u0131.<\/p>\n<p style=\"text-align: justify;\">Bakanl\u0131k taraf\u0131ndan yap\u0131lan a\u00e7\u0131klaman\u0131n metni \u015f\u00f6yle: \u2018\u2019Suriye Arap Cumhuriyeti, d\u00fcn S\u00fcveyda ilinde meydana gelen silahl\u0131 \u00e7at\u0131\u015fmalar\u0131n ard\u0131ndan ya\u015fanan tehlikeli t\u0131rman\u0131\u015f nedeniyle derin endi\u015fesini dile getirmektedir. S\u00f6z konusu \u00e7at\u0131\u015fmalar, yasa d\u0131\u015f\u0131 silahl\u0131 gruplar ile ilin i\u00e7inden ve kom\u015fu b\u00f6lgelerden gelen silahl\u0131 unsurlar aras\u0131nda meydana gelmi\u015f; bu durum bir\u00e7ok sivilin hayat\u0131n\u0131 kaybetmesine ve yaralanmas\u0131na, ayr\u0131ca siviller aras\u0131nda korku ve g\u00fcvensizlik duygusunun yay\u0131lmas\u0131na neden olmu\u015ftur.<\/p>\n<p style=\"text-align: justify;\">Suriye g\u00fcvenlik g\u00fc\u00e7leri, olaylar s\u0131ras\u0131nda sivillerin can ve mal g\u00fcvenli\u011fini korumak i\u00e7in m\u00fcdahalede bulunmu\u015f ve huzuru sa\u011flamak ad\u0131na gerekli ad\u0131mlar\u0131 atm\u0131\u015ft\u0131r. Ayn\u0131 zamanda, baz\u0131 \u00f6rg\u00fctl\u00fc yap\u0131lar\u0131n vilayeti kaos ortam\u0131na s\u00fcr\u00fcklemek amac\u0131yla ger\u00e7ekle\u015ftirdi\u011fi sabotaj eylemleri ve suikast giri\u015fimleriyle m\u00fccadele edilmi\u015ftir. Devlet kurumlar\u0131n\u0131n g\u00f6revlerini yerine getirmesi engellenmek istenmi\u015f ve kamu d\u00fczenine kar\u015f\u0131 ciddi tehditler olu\u015fmu\u015ftur.<\/p>\n<p style=\"text-align: justify;\">Suriye Arap Cumhuriyeti, sa\u011fduyu ve itidalle hareket etme ilkesine ba\u011fl\u0131l\u0131\u011f\u0131n\u0131 bir kez daha vurgulamakta; t\u00fcm yerel taraflar\u0131 akl\u0131selime davet ederek \u015fiddeti derhal durdurmaya ve yasa d\u0131\u015f\u0131 silahlar\u0131 teslim etmeye \u00e7a\u011f\u0131rmaktad\u0131r. Ayn\u0131 zamanda, \u00fclkenin ulusal dokusunu hedef alan, ayr\u0131\u015fma ve b\u00f6l\u00fcnmeyi k\u00f6r\u00fcklemeye \u00e7al\u0131\u015fan f\u0131rsat\u00e7\u0131 unsurlara kar\u015f\u0131 da uyar\u0131da bulunmaktad\u0131r.<\/p>\n<p style=\"text-align: justify;\">Suriye devleti, t\u00fcm g\u00fcvenlik ve askeri konular\u0131n \u2014 ba\u015fta silah ta\u015f\u0131ma meselesi olmak \u00fczere \u2014 yaln\u0131zca devletin anayasa ve kanunlar\u0131 do\u011frultusunda y\u00fcr\u00fct\u00fclmesi gerekti\u011fini bir kez daha teyit etmektedir. Bu durum, \u00fclkenin egemenli\u011fi, toprak b\u00fct\u00fcnl\u00fc\u011f\u00fc ve istikrar\u0131 i\u00e7in temel bir \u015fartt\u0131r. Herhangi bir b\u00f6lgenin kaos veya d\u0131\u015f n\u00fcfuz alan\u0131na d\u00f6n\u00fc\u015fmesi kesinlikle kabul edilemez.<\/p>\n<p style=\"text-align: justify;\">Suriye D\u0131\u015fi\u015fleri ve Gurbet\u00e7iler Bakanl\u0131\u011f\u0131, t\u00fcm devlet ve kurulu\u015flara, Suriye Arap Cumhuriyeti\u2019nin egemenli\u011fine sayg\u0131 duyulmas\u0131 ve ayr\u0131l\u0131k\u00e7\u0131 hareketlere destek verilmemesi \u00e7a\u011fr\u0131s\u0131n\u0131 yinelemektedir.<\/p>\n<p style=\"text-align: justify;\">Bu ba\u011flamda, Suriye Devleti, zorlu ko\u015fullarda kendisine deste\u011fini esirgemeyen dost ve karde\u015f \u00fclkelere en i\u00e7ten te\u015fekk\u00fcrlerini ve takdirlerini sunmaktad\u0131r. S\u00f6z konusu \u00fclkeler, Suriye\u2019nin birli\u011fini, ba\u011f\u0131ms\u0131zl\u0131\u011f\u0131n\u0131 ve halk\u0131n\u0131n me\u015fru haklar\u0131n\u0131 savunma \u00e7abalar\u0131n\u0131 desteklediklerini a\u00e7\u0131k\u00e7a ifade etmi\u015flerdir.<\/p>\n<p style=\"text-align: justify;\">Suriye Arap Cumhuriyeti, ayn\u0131 zamanda, S\u00fcveyda ilinin asil evlatlar\u0131n\u0131n bilin\u00e7 ve sorumluluklar\u0131na olan g\u00fcvenini dile getirmektedir. Bu \u00e7er\u00e7evede, D\u00fcrzi toplumunun haklar\u0131na sayg\u0131 g\u00f6sterilmesi, g\u00fcvenli\u011fin ve istikrar\u0131n sa\u011flanmas\u0131, devlet kurumlar\u0131n\u0131n etkin \u015fekilde \u00e7al\u0131\u015fmas\u0131 ve t\u00fcm vatanda\u015flar\u0131n ayr\u0131m g\u00f6zetmeksizin kanun \u00f6n\u00fcnde e\u015fit \u015fekilde korunmas\u0131 y\u00f6n\u00fcndeki kararl\u0131l\u0131\u011f\u0131n\u0131 vurgulamaktad\u0131r.&#8221;<\/p>\n<p style=\"text-align: justify;\">\n","protected":false},"excerpt":{"rendered":"<p>\u015eAM (SANA) \u2013 D\u0131\u015fi\u015fleri ve Gurbet\u00e7iler Bakanl\u0131\u011f\u0131 bug\u00fcn, S\u00fcveyda Valili\u011fi&#8217;nde d\u00fcn ya\u015fanan gerginlikten duyulan endi\u015feyi dile getiren bir a\u00e7\u0131klama yay\u0131mlad\u0131. Bakanl\u0131k taraf\u0131ndan yap\u0131lan a\u00e7\u0131klaman\u0131n metni \u015f\u00f6yle: \u2018\u2019Suriye Arap Cumhuriyeti, d\u00fcn S\u00fcveyda ilinde meydana gelen silahl\u0131 \u00e7at\u0131\u015fmalar\u0131n ard\u0131ndan ya\u015fanan tehlikeli t\u0131rman\u0131\u015f nedeniyle derin endi\u015fesini dile getirmektedir. S\u00f6z konusu \u00e7at\u0131\u015fmalar, yasa d\u0131\u015f\u0131 silahl\u0131 gruplar ile ilin i\u00e7inden &hellip;<\/p>\n","protected":false},"author":41,"featured_media":325532,"comment_status":"closed","ping_status":"closed","sticky":false,"template":"","format":"standard","meta":{"footnotes":""},"categories":[589,479,17988,478],"tags":[],"class_list":["post-325527","post","type-post","status-publish","format-standard","has-post-thumbnail","","category-haber-seridi","category-haberler-yerel","category-son-haberler","category-yerel"],"_links":{"self":[{"href":"https:\/\/archive.sana.sy\/tr\/index.php?rest_route=\/wp\/v2\/posts\/325527","targetHints":{"allow":["GET"]}}],"collection":[{"href":"https:\/\/archive.sana.sy\/tr\/index.php?rest_route=\/wp\/v2\/posts"}],"about":[{"href":"https:\/\/archive.sana.sy\/tr\/index.php?rest_route=\/wp\/v2\/types\/post"}],"author":[{"embeddable":true,"href":"https:\/\/archive.sana.sy\/tr\/index.php?rest_route=\/wp\/v2\/users\/41"}],"replies":[{"embeddable":true,"href":"https:\/\/archive.sana.sy\/tr\/index.php?rest_route=%2Fwp%2Fv2%2Fcomments&post=325527"}],"version-history":[{"count":4,"href":"https:\/\/archive.sana.sy\/tr\/index.php?rest_route=\/wp\/v2\/posts\/325527\/revisions"}],"predecessor-version":[{"id":325533,"href":"https:\/\/archive.sana.sy\/tr\/index.php?rest_route=\/wp\/v2\/posts\/325527\/revisions\/325533"}],"wp:featuredmedia":[{"embeddable":true,"href":"https:\/\/archive.sana.sy\/tr\/index.php?rest_route=\/wp\/v2\/media\/325532"}],"wp:attachment":[{"href":"https:\/\/archive.sana.sy\/tr\/index.php?rest_route=%2Fwp%2Fv2%2Fmedia&parent=325527"}],"wp:term":[{"taxonomy":"category","embeddable":true,"href":"https:\/\/archive.sana.sy\/tr\/index.php?rest_route=%2Fwp%2Fv2%2Fcategories&post=325527"},{"taxonomy":"post_tag","embeddable":true,"href":"https:\/\/archive.sana.sy\/tr\/index.php?rest_route=%2Fwp%2Fv2%2Ftags&post=325527"}],"curies":[{"name":"wp","href":"https:\/\/api.w.org\/{rel}","templated":true}]}}