{"id":32553,"date":"2015-05-08T20:01:06","date_gmt":"2015-05-08T17:01:06","guid":{"rendered":"http:\/\/sana.sy\/tr\/?p=32553"},"modified":"2015-05-08T20:01:06","modified_gmt":"2015-05-08T17:01:06","slug":"koordinasyon-ve-isbirligini-pekistirip-surdurmeye-anlastik","status":"publish","type":"post","link":"https:\/\/archive.sana.sy\/tr\/?p=32553","title":{"rendered":"Koordinasyon ve \u0130\u015fbirli\u011fini Peki\u015ftirip S\u00fcrd\u00fcrmeye Anla\u015ft\u0131k"},"content":{"rendered":"<p>MOSKOVA \u2013 Rusya Federasyonu Ba\u015fkan\u0131 Vladimir Putin ve \u00c7in Halk Cumhuriyeti Ba\u015fkan\u0131 Xi Jinping; Suriye\u2019deki krizin siyasi \u00e7\u00f6z\u00fcm\u00fc ve \u0130ran&#8217;\u0131n n\u00fckleer dosyas\u0131 dahil, uluslararas\u0131 ve b\u00f6lgesel meselelerin \u00e7\u00f6z\u00fcm\u00fcnde i\u015fbirli\u011fi ve koordinasyonu s\u00fcrd\u00fcrme \u00fczerine anla\u015ft\u0131klar\u0131n\u0131 belirtti.<\/p>\n<p>Putin bug\u00fcn Moskova\u2019da \u00c7inli mevkida\u015f\u0131 ile d\u00fczenledi\u011fi ortak bas\u0131n toplant\u0131s\u0131nda; Xi ile d\u00fcnyada bar\u0131\u015f\u0131n peki\u015ftirilmesi, insani de\u011ferlerin korunmas\u0131 ve tarihin \u00e7arp\u0131t\u0131lmas\u0131n\u0131 hedefleyen \u00e7abalara kar\u015f\u0131 ortak \u00e7abalar\u0131 peki\u015ftirme \u00e7a\u011fr\u0131s\u0131nda bulunduklar\u0131n\u0131 ifade etti.<\/p>\n<p>Putin ayn\u0131 zamanda Kore yar\u0131madas\u0131n\u0131n n\u00fckleer silahlardan ar\u0131nd\u0131r\u0131lmas\u0131, Pasifik ve Asya\u2019da g\u00fcvenlik ve bar\u0131\u015f\u0131 g\u00fc\u00e7lendirmeye anla\u015ft\u0131klar\u0131n\u0131 s\u00f6yledi.<\/p>\n<p>Bas\u0131n konferans\u0131nda \u00c7in Ba\u015fkan\u0131 Xi; iki \u00fclke aras\u0131ndaki ili\u015fkileri peki\u015ftirmenin \u00f6nemine dikkat \u00e7ekerken, insani, ekonomik ve k\u00fclt\u00fcrel t\u00fcm alanlarda i\u015fbirli\u011fini peki\u015ftirme \u00fczerine anla\u015ft\u0131klar\u0131n\u0131 ifade etti. Xi; G\u00fcvenlik Konseyindeki faaliyetlerine b\u00fcy\u00fck \u00f6nem verdiklerine dikkat \u00e7ekerken, uluslar aras\u0131 ili\u015fkilerde yeni bir y\u00f6ntem kurmaya \u00e7al\u0131\u015ft\u0131klar\u0131n\u0131 s\u00f6zlerine ekledi.<\/p>\n<p>A.A. &#8211; M.M.<\/p>\n","protected":false},"excerpt":{"rendered":"<p>MOSKOVA \u2013 Rusya Federasyonu Ba\u015fkan\u0131 Vladimir Putin ve \u00c7in Halk Cumhuriyeti Ba\u015fkan\u0131 Xi Jinping; Suriye\u2019deki krizin siyasi \u00e7\u00f6z\u00fcm\u00fc ve \u0130ran&#8217;\u0131n n\u00fckleer dosyas\u0131 dahil, uluslararas\u0131 ve b\u00f6lgesel meselelerin \u00e7\u00f6z\u00fcm\u00fcnde i\u015fbirli\u011fi ve koordinasyonu s\u00fcrd\u00fcrme \u00fczerine anla\u015ft\u0131klar\u0131n\u0131 belirtti. Putin bug\u00fcn Moskova\u2019da \u00c7inli mevkida\u015f\u0131 ile d\u00fczenledi\u011fi ortak bas\u0131n toplant\u0131s\u0131nda; Xi ile d\u00fcnyada bar\u0131\u015f\u0131n peki\u015ftirilmesi, insani de\u011ferlerin korunmas\u0131 ve tarihin &hellip;<\/p>\n","protected":false},"author":1,"featured_media":32554,"comment_status":"closed","ping_status":"closed","sticky":false,"template":"","format":"standard","meta":{"footnotes":""},"categories":[458,459,447],"tags":[14382],"class_list":["post-32553","post","type-post","status-publish","format-standard","has-post-thumbnail","","category-dunya1","category-haberler-arap-uluslararasi-politika","category-politika","tag-koordinasyon-ve-isbirligini-pekistirip-surdurmeye-anlastik"],"_links":{"self":[{"href":"https:\/\/archive.sana.sy\/tr\/index.php?rest_route=\/wp\/v2\/posts\/32553","targetHints":{"allow":["GET"]}}],"collection":[{"href":"https:\/\/archive.sana.sy\/tr\/index.php?rest_route=\/wp\/v2\/posts"}],"about":[{"href":"https:\/\/archive.sana.sy\/tr\/index.php?rest_route=\/wp\/v2\/types\/post"}],"author":[{"embeddable":true,"href":"https:\/\/archive.sana.sy\/tr\/index.php?rest_route=\/wp\/v2\/users\/1"}],"replies":[{"embeddable":true,"href":"https:\/\/archive.sana.sy\/tr\/index.php?rest_route=%2Fwp%2Fv2%2Fcomments&post=32553"}],"version-history":[{"count":0,"href":"https:\/\/archive.sana.sy\/tr\/index.php?rest_route=\/wp\/v2\/posts\/32553\/revisions"}],"wp:featuredmedia":[{"embeddable":true,"href":"https:\/\/archive.sana.sy\/tr\/index.php?rest_route=\/wp\/v2\/media\/32554"}],"wp:attachment":[{"href":"https:\/\/archive.sana.sy\/tr\/index.php?rest_route=%2Fwp%2Fv2%2Fmedia&parent=32553"}],"wp:term":[{"taxonomy":"category","embeddable":true,"href":"https:\/\/archive.sana.sy\/tr\/index.php?rest_route=%2Fwp%2Fv2%2Fcategories&post=32553"},{"taxonomy":"post_tag","embeddable":true,"href":"https:\/\/archive.sana.sy\/tr\/index.php?rest_route=%2Fwp%2Fv2%2Ftags&post=32553"}],"curies":[{"name":"wp","href":"https:\/\/api.w.org\/{rel}","templated":true}]}}