{"id":325543,"date":"2025-07-15T08:23:29","date_gmt":"2025-07-15T05:23:29","guid":{"rendered":"https:\/\/sana.sy\/tr\/?p=325543"},"modified":"2025-07-15T08:26:23","modified_gmt":"2025-07-15T05:26:23","slug":"bakani-el-seybani-brukselde-litvanyali-mevkidasi-kestutis-budrys-ile-bir-araya-geldi","status":"publish","type":"post","link":"https:\/\/archive.sana.sy\/tr\/?p=325543","title":{"rendered":"Bakan\u0131 El \u015eeybani, Br\u00fcksel&#8217;de Litvanyal\u0131 mevkida\u015f\u0131 Kestutis Budrys \u0130le Bir Araya Geldi"},"content":{"rendered":"<p style=\"text-align: justify;\"><span style=\"color: #ff0000;\"><strong>BR\u00dcKSEL (SANA) &#8211;<\/strong> \u00a0<\/span>D\u0131\u015fi\u015fleri ve Gurbet\u00e7iler Bakan\u0131 Asaad El \u015eeybani, Br\u00fcksel&#8217;de d\u00fczenlenen Akdeniz Birli\u011fi toplant\u0131s\u0131 kapsam\u0131nda Litvanyal\u0131 mevkida\u015f\u0131 Kestutis Budrys ile bir araya geldi.<\/p>\n<p style=\"text-align: justify;\">G\u00f6r\u00fc\u015fmede, iki \u00fclke aras\u0131ndaki ili\u015fkilerin geli\u015ftirilmesi ve her iki \u00fclkenin \u00e7\u0131karlar\u0131na hizmet edecek \u015fekilde \u00e7e\u015fitli alanlarda i\u015fbirli\u011finin sa\u011flanmas\u0131 konular\u0131 ele al\u0131nd\u0131.<\/p>\n<div id='gallery-1' class='gallery galleryid-325543 gallery-columns-1 gallery-size-full'><figure class='gallery-item'>\n\t\t\t<div class='gallery-icon landscape'>\n\t\t\t\t<a href='https:\/\/archive.sana.sy\/tr\/wp-content\/uploads\/2025\/07\/1-15.jpg'><img loading=\"lazy\" decoding=\"async\" width=\"660\" height=\"370\" src=\"https:\/\/archive.sana.sy\/tr\/wp-content\/uploads\/2025\/07\/1-15.jpg\" class=\"attachment-full size-full\" alt=\"\" srcset=\"https:\/\/archive.sana.sy\/tr\/wp-content\/uploads\/2025\/07\/1-15.jpg 660w, https:\/\/archive.sana.sy\/tr\/wp-content\/uploads\/2025\/07\/1-15-300x168.jpg 300w\" sizes=\"auto, (max-width: 660px) 100vw, 660px\" \/><\/a>\n\t\t\t<\/div><\/figure>\n\t\t<\/div>\n\n","protected":false},"excerpt":{"rendered":"<p>BR\u00dcKSEL (SANA) &#8211; \u00a0D\u0131\u015fi\u015fleri ve Gurbet\u00e7iler Bakan\u0131 Asaad El \u015eeybani, Br\u00fcksel&#8217;de d\u00fczenlenen Akdeniz Birli\u011fi toplant\u0131s\u0131 kapsam\u0131nda Litvanyal\u0131 mevkida\u015f\u0131 Kestutis Budrys ile bir araya geldi. G\u00f6r\u00fc\u015fmede, iki \u00fclke aras\u0131ndaki ili\u015fkilerin geli\u015ftirilmesi ve her iki \u00fclkenin \u00e7\u0131karlar\u0131na hizmet edecek \u015fekilde \u00e7e\u015fitli alanlarda i\u015fbirli\u011finin sa\u011flanmas\u0131 konular\u0131 ele al\u0131nd\u0131.<\/p>\n","protected":false},"author":36,"featured_media":325552,"comment_status":"closed","ping_status":"closed","sticky":false,"template":"","format":"standard","meta":{"footnotes":""},"categories":[458,589,459,17988],"tags":[],"class_list":["post-325543","post","type-post","status-publish","format-standard","has-post-thumbnail","","category-dunya1","category-haber-seridi","category-haberler-arap-uluslararasi-politika","category-son-haberler"],"_links":{"self":[{"href":"https:\/\/archive.sana.sy\/tr\/index.php?rest_route=\/wp\/v2\/posts\/325543","targetHints":{"allow":["GET"]}}],"collection":[{"href":"https:\/\/archive.sana.sy\/tr\/index.php?rest_route=\/wp\/v2\/posts"}],"about":[{"href":"https:\/\/archive.sana.sy\/tr\/index.php?rest_route=\/wp\/v2\/types\/post"}],"author":[{"embeddable":true,"href":"https:\/\/archive.sana.sy\/tr\/index.php?rest_route=\/wp\/v2\/users\/36"}],"replies":[{"embeddable":true,"href":"https:\/\/archive.sana.sy\/tr\/index.php?rest_route=%2Fwp%2Fv2%2Fcomments&post=325543"}],"version-history":[{"count":1,"href":"https:\/\/archive.sana.sy\/tr\/index.php?rest_route=\/wp\/v2\/posts\/325543\/revisions"}],"predecessor-version":[{"id":325546,"href":"https:\/\/archive.sana.sy\/tr\/index.php?rest_route=\/wp\/v2\/posts\/325543\/revisions\/325546"}],"wp:featuredmedia":[{"embeddable":true,"href":"https:\/\/archive.sana.sy\/tr\/index.php?rest_route=\/wp\/v2\/media\/325552"}],"wp:attachment":[{"href":"https:\/\/archive.sana.sy\/tr\/index.php?rest_route=%2Fwp%2Fv2%2Fmedia&parent=325543"}],"wp:term":[{"taxonomy":"category","embeddable":true,"href":"https:\/\/archive.sana.sy\/tr\/index.php?rest_route=%2Fwp%2Fv2%2Fcategories&post=325543"},{"taxonomy":"post_tag","embeddable":true,"href":"https:\/\/archive.sana.sy\/tr\/index.php?rest_route=%2Fwp%2Fv2%2Ftags&post=325543"}],"curies":[{"name":"wp","href":"https:\/\/api.w.org\/{rel}","templated":true}]}}