{"id":325562,"date":"2025-07-15T09:27:27","date_gmt":"2025-07-15T06:27:27","guid":{"rendered":"https:\/\/sana.sy\/tr\/?p=325562"},"modified":"2025-07-15T15:03:03","modified_gmt":"2025-07-15T12:03:03","slug":"tuggeneral-dalati-durzi-toplumunun-manevi-liderliginin-icisleri-bakanligi-gucleriyle-isbirligi-cagrisinda-bulunmasini-memnuniyetle-karsiliyoruz","status":"publish","type":"post","link":"https:\/\/archive.sana.sy\/tr\/?p=325562","title":{"rendered":"Tu\u011fgeneral Dalati: D\u00fcrzi Toplumunun Manevi Liderli\u011finin \u0130\u00e7i\u015fleri Bakanl\u0131\u011f\u0131 G\u00fc\u00e7leriyle \u0130\u015fbirli\u011fi \u00c7a\u011fr\u0131s\u0131nda Bulunmas\u0131n\u0131 Memnuniyetle Kar\u015f\u0131l\u0131yoruz"},"content":{"rendered":"<p style=\"text-align: justify;\"><span style=\"color: #ff0000;\"><strong>S\u00dcVEYDA\u00a0 (SANA) &#8211;<\/strong> \u00a0<\/span>S\u00fcveyda Vilayeti \u0130\u00e7 G\u00fcvenlik Komutan\u0131 Tu\u011fgeneral Ahmed El Dalati, S\u00fcveyde&#8217;deki t\u00fcm silahl\u0131 gruplar\u0131 \u0130\u00e7i\u015fleri Bakanl\u0131\u011f\u0131 g\u00fc\u00e7leriyle i\u015fbirli\u011fi yapmaya ve silahlar\u0131n\u0131 teslim etmeye \u00e7a\u011f\u0131ran D\u00fcrzi toplumunun ruhani liderli\u011finin tutumunu memnuniyetle kar\u015f\u0131lad\u0131.<\/p>\n<p style=\"text-align: justify;\">Tu\u011fgeneral Dalati, \u0130\u00e7i\u015fleri Bakanl\u0131\u011f\u0131&#8217;n\u0131n Telegram kanal\u0131nda yapt\u0131\u011f\u0131 payla\u015f\u0131mda, &#8220;\u015eeyh Hikmet El Hicri taraf\u0131ndan temsil edilen D\u00fcrzi cemaatinin manevi liderli\u011finin tutumunu memnuniyetle kar\u015f\u0131l\u0131yor ve bu sorumlu ulusal duru\u015fu takdir ediyoruz&#8221; diyerek, t\u00fcm dini otoriteleri ve toplumsal aktivistleri, \u0130\u00e7i\u015fleri Bakanl\u0131\u011f\u0131&#8217;n\u0131n eyalet genelinde devlet otoritesini geni\u015fletme ve g\u00fcvenli\u011fi sa\u011flama y\u00f6n\u00fcndeki \u00f6nlemlerini destekleyen birle\u015fik bir ulusal duru\u015f benimsemeye \u00e7a\u011f\u0131r\u0131yoruz&#8221; ifadelerini kulland\u0131.<\/p>\n<p style=\"text-align: justify;\">Tu\u011fgeneral El Dalati ayr\u0131ca, &#8220;Yasad\u0131\u015f\u0131 silahl\u0131 gruplar\u0131n ve gruplar\u0131n liderlerini, \u0130\u00e7i\u015fleri ve Savunma Bakanl\u0131\u011f\u0131 g\u00fc\u00e7lerinin giri\u015fini engelleyen her t\u00fcrl\u00fc eyleme son vermeye ve sivil bar\u0131\u015f\u0131 korumak, vatanda\u015flar\u0131n g\u00fcvenli\u011fini sa\u011flamak ve \u00fclkenin istikrar\u0131n\u0131 g\u00fcvence alt\u0131na almak amac\u0131yla silahlar\u0131n\u0131 ilgili makamlara teslim ederek tam i\u015f birli\u011fi yapmaya \u00e7a\u011f\u0131r\u0131yoruz&#8221; dedi.<\/p>\n","protected":false},"excerpt":{"rendered":"<p>S\u00dcVEYDA\u00a0 (SANA) &#8211; \u00a0S\u00fcveyda Vilayeti \u0130\u00e7 G\u00fcvenlik Komutan\u0131 Tu\u011fgeneral Ahmed El Dalati, S\u00fcveyde&#8217;deki t\u00fcm silahl\u0131 gruplar\u0131 \u0130\u00e7i\u015fleri Bakanl\u0131\u011f\u0131 g\u00fc\u00e7leriyle i\u015fbirli\u011fi yapmaya ve silahlar\u0131n\u0131 teslim etmeye \u00e7a\u011f\u0131ran D\u00fcrzi toplumunun ruhani liderli\u011finin tutumunu memnuniyetle kar\u015f\u0131lad\u0131. Tu\u011fgeneral Dalati, \u0130\u00e7i\u015fleri Bakanl\u0131\u011f\u0131&#8217;n\u0131n Telegram kanal\u0131nda yapt\u0131\u011f\u0131 payla\u015f\u0131mda, &#8220;\u015eeyh Hikmet El Hicri taraf\u0131ndan temsil edilen D\u00fcrzi cemaatinin manevi liderli\u011finin tutumunu memnuniyetle kar\u015f\u0131l\u0131yor &hellip;<\/p>\n","protected":false},"author":36,"featured_media":325563,"comment_status":"closed","ping_status":"closed","sticky":false,"template":"","format":"standard","meta":{"footnotes":""},"categories":[589,479,17988,478],"tags":[],"class_list":["post-325562","post","type-post","status-publish","format-standard","has-post-thumbnail","","category-haber-seridi","category-haberler-yerel","category-son-haberler","category-yerel"],"_links":{"self":[{"href":"https:\/\/archive.sana.sy\/tr\/index.php?rest_route=\/wp\/v2\/posts\/325562","targetHints":{"allow":["GET"]}}],"collection":[{"href":"https:\/\/archive.sana.sy\/tr\/index.php?rest_route=\/wp\/v2\/posts"}],"about":[{"href":"https:\/\/archive.sana.sy\/tr\/index.php?rest_route=\/wp\/v2\/types\/post"}],"author":[{"embeddable":true,"href":"https:\/\/archive.sana.sy\/tr\/index.php?rest_route=\/wp\/v2\/users\/36"}],"replies":[{"embeddable":true,"href":"https:\/\/archive.sana.sy\/tr\/index.php?rest_route=%2Fwp%2Fv2%2Fcomments&post=325562"}],"version-history":[{"count":3,"href":"https:\/\/archive.sana.sy\/tr\/index.php?rest_route=\/wp\/v2\/posts\/325562\/revisions"}],"predecessor-version":[{"id":325591,"href":"https:\/\/archive.sana.sy\/tr\/index.php?rest_route=\/wp\/v2\/posts\/325562\/revisions\/325591"}],"wp:featuredmedia":[{"embeddable":true,"href":"https:\/\/archive.sana.sy\/tr\/index.php?rest_route=\/wp\/v2\/media\/325563"}],"wp:attachment":[{"href":"https:\/\/archive.sana.sy\/tr\/index.php?rest_route=%2Fwp%2Fv2%2Fmedia&parent=325562"}],"wp:term":[{"taxonomy":"category","embeddable":true,"href":"https:\/\/archive.sana.sy\/tr\/index.php?rest_route=%2Fwp%2Fv2%2Fcategories&post=325562"},{"taxonomy":"post_tag","embeddable":true,"href":"https:\/\/archive.sana.sy\/tr\/index.php?rest_route=%2Fwp%2Fv2%2Ftags&post=325562"}],"curies":[{"name":"wp","href":"https:\/\/api.w.org\/{rel}","templated":true}]}}