{"id":325577,"date":"2025-07-15T13:41:16","date_gmt":"2025-07-15T10:41:16","guid":{"rendered":"https:\/\/sana.sy\/tr\/?p=325577"},"modified":"2025-07-15T13:41:16","modified_gmt":"2025-07-15T10:41:16","slug":"canpolat-suveydada-ateskes-ilan-edilmesini-memnuniyetle-karsiladi","status":"publish","type":"post","link":"https:\/\/archive.sana.sy\/tr\/?p=325577","title":{"rendered":"Canpolat, S\u00fcveyda&#8217;da Ate\u015fkes \u0130lan Edilmesini Memnuniyetle Kar\u015f\u0131lad\u0131"},"content":{"rendered":"<p style=\"text-align: justify;\"><span style=\"color: #ff0000;\"><strong>BEYRUT (SANA) &#8211;<\/strong> \u00a0<\/span>L\u00fcbnan \u0130lerici Sosyalist Partisi eski lideri Velid Canpolat, Suriye Savunma Bakan\u0131 T\u00fcmgeneral M\u00fchendis Marhaf Ebu Kasra&#8217;n\u0131n S\u00fcveyde&#8217;de ate\u015fkes ilan etmesini memnuniyetle kar\u015f\u0131lad\u0131.<\/p>\n<p style=\"text-align: justify;\">Canpolat, bug\u00fcn El Arabiya televizyonuna yapt\u0131\u011f\u0131 telefon g\u00f6r\u00fc\u015fmesinde, S\u00fcveyda&#8217;da devlet deste\u011finde bir \u00e7\u00f6z\u00fcm bulunmas\u0131 gerekti\u011fini belirterek, eyaletteki baz\u0131 partilere k\u0131\u015fk\u0131rtmalara son vermeleri \u00e7a\u011fr\u0131s\u0131nda bulundu.<\/p>\n<p style=\"text-align: justify;\">Canpolat, S\u00fcveyda&#8217;daki kanunsuz gruplar\u0131n silahlar\u0131n\u0131 devlete teslim etmeleri gerekti\u011fini belirterek, \u0130srail&#8217;in kimseyi korumayaca\u011f\u0131n\u0131, aksine \u00e7at\u0131\u015fmay\u0131 k\u0131\u015fk\u0131rtmaya \u00e7al\u0131\u015ft\u0131\u011f\u0131na i\u015faret etti.<\/p>\n","protected":false},"excerpt":{"rendered":"<p>BEYRUT (SANA) &#8211; \u00a0L\u00fcbnan \u0130lerici Sosyalist Partisi eski lideri Velid Canpolat, Suriye Savunma Bakan\u0131 T\u00fcmgeneral M\u00fchendis Marhaf Ebu Kasra&#8217;n\u0131n S\u00fcveyde&#8217;de ate\u015fkes ilan etmesini memnuniyetle kar\u015f\u0131lad\u0131. Canpolat, bug\u00fcn El Arabiya televizyonuna yapt\u0131\u011f\u0131 telefon g\u00f6r\u00fc\u015fmesinde, S\u00fcveyda&#8217;da devlet deste\u011finde bir \u00e7\u00f6z\u00fcm bulunmas\u0131 gerekti\u011fini belirterek, eyaletteki baz\u0131 partilere k\u0131\u015fk\u0131rtmalara son vermeleri \u00e7a\u011fr\u0131s\u0131nda bulundu. Canpolat, S\u00fcveyda&#8217;daki kanunsuz gruplar\u0131n silahlar\u0131n\u0131 devlete &hellip;<\/p>\n","protected":false},"author":36,"featured_media":325578,"comment_status":"closed","ping_status":"closed","sticky":false,"template":"","format":"standard","meta":{"footnotes":""},"categories":[458,589,459,17988],"tags":[],"class_list":["post-325577","post","type-post","status-publish","format-standard","has-post-thumbnail","","category-dunya1","category-haber-seridi","category-haberler-arap-uluslararasi-politika","category-son-haberler"],"_links":{"self":[{"href":"https:\/\/archive.sana.sy\/tr\/index.php?rest_route=\/wp\/v2\/posts\/325577","targetHints":{"allow":["GET"]}}],"collection":[{"href":"https:\/\/archive.sana.sy\/tr\/index.php?rest_route=\/wp\/v2\/posts"}],"about":[{"href":"https:\/\/archive.sana.sy\/tr\/index.php?rest_route=\/wp\/v2\/types\/post"}],"author":[{"embeddable":true,"href":"https:\/\/archive.sana.sy\/tr\/index.php?rest_route=\/wp\/v2\/users\/36"}],"replies":[{"embeddable":true,"href":"https:\/\/archive.sana.sy\/tr\/index.php?rest_route=%2Fwp%2Fv2%2Fcomments&post=325577"}],"version-history":[{"count":1,"href":"https:\/\/archive.sana.sy\/tr\/index.php?rest_route=\/wp\/v2\/posts\/325577\/revisions"}],"predecessor-version":[{"id":325579,"href":"https:\/\/archive.sana.sy\/tr\/index.php?rest_route=\/wp\/v2\/posts\/325577\/revisions\/325579"}],"wp:featuredmedia":[{"embeddable":true,"href":"https:\/\/archive.sana.sy\/tr\/index.php?rest_route=\/wp\/v2\/media\/325578"}],"wp:attachment":[{"href":"https:\/\/archive.sana.sy\/tr\/index.php?rest_route=%2Fwp%2Fv2%2Fmedia&parent=325577"}],"wp:term":[{"taxonomy":"category","embeddable":true,"href":"https:\/\/archive.sana.sy\/tr\/index.php?rest_route=%2Fwp%2Fv2%2Fcategories&post=325577"},{"taxonomy":"post_tag","embeddable":true,"href":"https:\/\/archive.sana.sy\/tr\/index.php?rest_route=%2Fwp%2Fv2%2Ftags&post=325577"}],"curies":[{"name":"wp","href":"https:\/\/api.w.org\/{rel}","templated":true}]}}