{"id":325580,"date":"2025-07-15T14:01:30","date_gmt":"2025-07-15T11:01:30","guid":{"rendered":"https:\/\/sana.sy\/tr\/?p=325580"},"modified":"2025-07-15T14:53:31","modified_gmt":"2025-07-15T11:53:31","slug":"saglik-bakanligi-ile-unicef-suriyede-yikilan-merkezlerin-beslenmesi-ve-rehabilitasyonu-alaninda-is-birligini-gorustu","status":"publish","type":"post","link":"https:\/\/archive.sana.sy\/tr\/?p=325580","title":{"rendered":"Sa\u011fl\u0131k Bakanl\u0131\u011f\u0131 ile UNICEF, Suriye&#8217;de Y\u0131k\u0131lan Merkezlerin Beslenmesi Ve Rehabilitasyonu Alan\u0131nda \u0130\u015f Birli\u011fini G\u00f6r\u00fc\u015ft\u00fc."},"content":{"rendered":"<p style=\"text-align: justify;\"><span style=\"color: #ff0000;\"><strong>\u015eAM (SANA) &#8211;<\/strong> \u00a0<\/span>Suriye Sa\u011fl\u0131k Bakan\u0131 Dr. Musab El Ali, UNICEF&#8217;in Suriye Temsilcisi Meritxell Relano ba\u015fkanl\u0131\u011f\u0131ndaki bir heyetle sa\u011fl\u0131k sekt\u00f6r\u00fcnde i\u015f birli\u011fini art\u0131rma yollar\u0131n\u0131 g\u00f6r\u00fc\u015ft\u00fc.<\/p>\n<p style=\"text-align: justify;\"><img loading=\"lazy\" decoding=\"async\" class=\"size-medium wp-image-325581 alignright\" src=\"http:\/\/sana.sy\/tr\/wp-content\/uploads\/2025\/07\/1-16-300x194.jpg\" alt=\"\" width=\"300\" height=\"194\" srcset=\"https:\/\/archive.sana.sy\/tr\/wp-content\/uploads\/2025\/07\/1-16-300x194.jpg 300w, https:\/\/archive.sana.sy\/tr\/wp-content\/uploads\/2025\/07\/1-16-1024x663.jpg 1024w, https:\/\/archive.sana.sy\/tr\/wp-content\/uploads\/2025\/07\/1-16-768x497.jpg 768w, https:\/\/archive.sana.sy\/tr\/wp-content\/uploads\/2025\/07\/1-16-1536x995.jpg 1536w, https:\/\/archive.sana.sy\/tr\/wp-content\/uploads\/2025\/07\/1-16-2048x1326.jpg 2048w\" sizes=\"auto, (max-width: 300px) 100vw, 300px\" \/>\u015eam&#8217;daki bakanl\u0131k binas\u0131nda bug\u00fcn ger\u00e7ekle\u015ftirilen g\u00f6r\u00fc\u015fmede, iki taraf aras\u0131nda beslenme alan\u0131nda i\u015f birli\u011fi mekanizmalar\u0131, y\u0131k\u0131lan sa\u011fl\u0131k ocaklar\u0131n\u0131n onar\u0131m\u0131 ve i\u015fletilmesine destek ve Suriye&#8217;de sa\u011fl\u0131k sekt\u00f6r\u00fcn\u00fcn temel ihtiya\u00e7lar\u0131n\u0131n g\u00fcvence alt\u0131na al\u0131nmas\u0131 konular\u0131 ele al\u0131nd\u0131.<\/p>\n<p style=\"text-align: justify;\">Dr. El Ali, mevcut ger\u00e7ekli\u011fe ve mevcut d\u00f6nemin gerekliliklerine uygun bir sa\u011fl\u0131k plan\u0131 geli\u015ftirilmesi ve de\u011fi\u015fen \u00f6nceliklere uyum sa\u011flanmas\u0131 gerekti\u011fini belirtirken, UNICEF ile stratejik ortakl\u0131\u011f\u0131 ve Suriye&#8217;deki sa\u011fl\u0131k sekt\u00f6r\u00fcne sa\u011flad\u0131\u011f\u0131 deste\u011fi \u00f6vd\u00fc.<\/p>\n<p style=\"text-align: justify;\"><img loading=\"lazy\" decoding=\"async\" class=\"size-medium wp-image-325582 alignright\" src=\"http:\/\/sana.sy\/tr\/wp-content\/uploads\/2025\/07\/2-17-300x178.jpg\" alt=\"\" width=\"300\" height=\"178\" srcset=\"https:\/\/archive.sana.sy\/tr\/wp-content\/uploads\/2025\/07\/2-17-300x178.jpg 300w, https:\/\/archive.sana.sy\/tr\/wp-content\/uploads\/2025\/07\/2-17-1024x608.jpg 1024w, https:\/\/archive.sana.sy\/tr\/wp-content\/uploads\/2025\/07\/2-17-768x456.jpg 768w, https:\/\/archive.sana.sy\/tr\/wp-content\/uploads\/2025\/07\/2-17-1536x912.jpg 1536w, https:\/\/archive.sana.sy\/tr\/wp-content\/uploads\/2025\/07\/2-17-2048x1216.jpg 2048w\" sizes=\"auto, (max-width: 300px) 100vw, 300px\" \/>Relano ise, Sa\u011fl\u0131k Bakanl\u0131\u011f\u0131&#8217;n\u0131n birincil sa\u011fl\u0131k hizmetleri alan\u0131ndaki \u00e7al\u0131\u015fmalar\u0131na kurulu\u015fun s\u00fcrekli deste\u011fini s\u00fcrd\u00fcrd\u00fc\u011f\u00fcn\u00fc, \u00e7al\u0131\u015fmalar\u0131 koordine etmek ve ihtiya\u00e7lar\u0131 kar\u015f\u0131lamak amac\u0131yla periyodik toplant\u0131lar d\u00fczenlediklerini belirtti.<\/p>\n<p style=\"text-align: justify;\">Toplant\u0131ya Sa\u011fl\u0131k Bakan Yard\u0131mc\u0131s\u0131 Dr. H\u00fcseyin El Hatib, Planlama ve Uluslararas\u0131 \u0130\u015fbirli\u011fi Direkt\u00f6r\u00fc Dr. Zuhair El Karat ve her iki taraftan \u00e7ok say\u0131da y\u00f6netici ve payda\u015f kat\u0131ld\u0131.<\/p>\n<div id='gallery-1' class='gallery galleryid-325580 gallery-columns-1 gallery-size-full'><figure class='gallery-item'>\n\t\t\t<div class='gallery-icon landscape'>\n\t\t\t\t<a href='https:\/\/archive.sana.sy\/tr\/wp-content\/uploads\/2025\/07\/3-13.jpg'><img loading=\"lazy\" decoding=\"async\" width=\"2560\" height=\"1437\" src=\"https:\/\/archive.sana.sy\/tr\/wp-content\/uploads\/2025\/07\/3-13.jpg\" class=\"attachment-full size-full\" alt=\"\" srcset=\"https:\/\/archive.sana.sy\/tr\/wp-content\/uploads\/2025\/07\/3-13.jpg 2560w, https:\/\/archive.sana.sy\/tr\/wp-content\/uploads\/2025\/07\/3-13-300x168.jpg 300w, https:\/\/archive.sana.sy\/tr\/wp-content\/uploads\/2025\/07\/3-13-1024x575.jpg 1024w, https:\/\/archive.sana.sy\/tr\/wp-content\/uploads\/2025\/07\/3-13-768x431.jpg 768w, https:\/\/archive.sana.sy\/tr\/wp-content\/uploads\/2025\/07\/3-13-1536x862.jpg 1536w, https:\/\/archive.sana.sy\/tr\/wp-content\/uploads\/2025\/07\/3-13-2048x1150.jpg 2048w\" sizes=\"auto, (max-width: 2560px) 100vw, 2560px\" \/><\/a>\n\t\t\t<\/div><\/figure>\n\t\t<\/div>\n\n","protected":false},"excerpt":{"rendered":"<p>\u015eAM (SANA) &#8211; \u00a0Suriye Sa\u011fl\u0131k Bakan\u0131 Dr. Musab El Ali, UNICEF&#8217;in Suriye Temsilcisi Meritxell Relano ba\u015fkanl\u0131\u011f\u0131ndaki bir heyetle sa\u011fl\u0131k sekt\u00f6r\u00fcnde i\u015f birli\u011fini art\u0131rma yollar\u0131n\u0131 g\u00f6r\u00fc\u015ft\u00fc. \u015eam&#8217;daki bakanl\u0131k binas\u0131nda bug\u00fcn ger\u00e7ekle\u015ftirilen g\u00f6r\u00fc\u015fmede, iki taraf aras\u0131nda beslenme alan\u0131nda i\u015f birli\u011fi mekanizmalar\u0131, y\u0131k\u0131lan sa\u011fl\u0131k ocaklar\u0131n\u0131n onar\u0131m\u0131 ve i\u015fletilmesine destek ve Suriye&#8217;de sa\u011fl\u0131k sekt\u00f6r\u00fcn\u00fcn temel ihtiya\u00e7lar\u0131n\u0131n g\u00fcvence alt\u0131na al\u0131nmas\u0131 &hellip;<\/p>\n","protected":false},"author":36,"featured_media":325585,"comment_status":"closed","ping_status":"closed","sticky":false,"template":"","format":"standard","meta":{"footnotes":""},"categories":[589,479,17988,478],"tags":[],"class_list":["post-325580","post","type-post","status-publish","format-standard","has-post-thumbnail","","category-haber-seridi","category-haberler-yerel","category-son-haberler","category-yerel"],"_links":{"self":[{"href":"https:\/\/archive.sana.sy\/tr\/index.php?rest_route=\/wp\/v2\/posts\/325580","targetHints":{"allow":["GET"]}}],"collection":[{"href":"https:\/\/archive.sana.sy\/tr\/index.php?rest_route=\/wp\/v2\/posts"}],"about":[{"href":"https:\/\/archive.sana.sy\/tr\/index.php?rest_route=\/wp\/v2\/types\/post"}],"author":[{"embeddable":true,"href":"https:\/\/archive.sana.sy\/tr\/index.php?rest_route=\/wp\/v2\/users\/36"}],"replies":[{"embeddable":true,"href":"https:\/\/archive.sana.sy\/tr\/index.php?rest_route=%2Fwp%2Fv2%2Fcomments&post=325580"}],"version-history":[{"count":1,"href":"https:\/\/archive.sana.sy\/tr\/index.php?rest_route=\/wp\/v2\/posts\/325580\/revisions"}],"predecessor-version":[{"id":325586,"href":"https:\/\/archive.sana.sy\/tr\/index.php?rest_route=\/wp\/v2\/posts\/325580\/revisions\/325586"}],"wp:featuredmedia":[{"embeddable":true,"href":"https:\/\/archive.sana.sy\/tr\/index.php?rest_route=\/wp\/v2\/media\/325585"}],"wp:attachment":[{"href":"https:\/\/archive.sana.sy\/tr\/index.php?rest_route=%2Fwp%2Fv2%2Fmedia&parent=325580"}],"wp:term":[{"taxonomy":"category","embeddable":true,"href":"https:\/\/archive.sana.sy\/tr\/index.php?rest_route=%2Fwp%2Fv2%2Fcategories&post=325580"},{"taxonomy":"post_tag","embeddable":true,"href":"https:\/\/archive.sana.sy\/tr\/index.php?rest_route=%2Fwp%2Fv2%2Ftags&post=325580"}],"curies":[{"name":"wp","href":"https:\/\/api.w.org\/{rel}","templated":true}]}}