{"id":325598,"date":"2025-07-15T16:39:16","date_gmt":"2025-07-15T13:39:16","guid":{"rendered":"https:\/\/sana.sy\/tr\/?p=325598"},"modified":"2025-07-15T16:39:16","modified_gmt":"2025-07-15T13:39:16","slug":"allus-sanaya-konustu-misir-ve-suudi-arabistandan-gelen-kamyonlarin-suriye-topraklarina-girisi-yasaklandi","status":"publish","type":"post","link":"https:\/\/archive.sana.sy\/tr\/?p=325598","title":{"rendered":"Allu\u015f, SANA\u2019ya Konu\u015ftu: M\u0131s\u0131r ve Suudi Arabistan\u2019dan Gelen Kamyonlar\u0131n Suriye Topraklar\u0131na Giri\u015fi Yasakland\u0131"},"content":{"rendered":"<p style=\"text-align: justify;\"><span style=\"color: #ff0000;\"><strong>\u015eAM (SANA) &#8211;<\/strong><\/span> Suriye Genel Kara ve Deniz S\u0131n\u0131r Kap\u0131lar\u0131 Kurumu, M\u0131s\u0131r ve Suudi Arabistan\u2019dan gelen kamyonlar\u0131n Suriye topraklar\u0131na giri\u015fini yasaklayan bir karar yay\u0131mlad\u0131.<\/p>\n<p style=\"text-align: justify;\">Genel Kara ve Deniz S\u0131n\u0131r Kap\u0131lar\u0131 Kurumu Halkla \u0130li\u015fkiler M\u00fcd\u00fcr\u00fc Mazen Allu\u015f, SANA\u2019ya yapt\u0131\u011f\u0131 a\u00e7\u0131klamada, Suriyeli kamyon ve so\u011futucu ara\u00e7 s\u00fcr\u00fcc\u00fclerinin hakl\u0131 taleplerine yan\u0131t olarak, kar\u015f\u0131l\u0131kl\u0131l\u0131k ilkesini g\u00fc\u00e7lendirmek, kara ta\u015f\u0131mac\u0131l\u0131\u011f\u0131 sekt\u00f6r\u00fcn\u00fcn durumunu iyile\u015ftirmek ve ulusal \u00e7\u0131karlar\u0131 korumak amac\u0131yla M\u0131s\u0131r ve Suudi Arabistan\u2019dan gelen kamyonlar\u0131n Suriye topraklar\u0131na giri\u015finin yasakland\u0131\u011f\u0131n\u0131 belirtti. Bu kamyonlar\u0131n yaln\u0131zca s\u0131n\u0131r kap\u0131s\u0131nda y\u00fck aktar\u0131m\u0131 yapabilecekleri ve karar\u0131n 20 Temmuz 2025 Pazar g\u00fcn\u00fcnden itibaren y\u00fcr\u00fcrl\u00fc\u011fe girece\u011fi ifade edildi.<\/p>\n<p style=\"text-align: justify;\">Allu\u015f, bu karar\u0131n, Suriye kamyonlar\u0131n\u0131n ad\u0131 ge\u00e7en iki \u00fclkeye giri\u015finin engellenmeye devam etmesi ve bunun ticaret ve kara ta\u015f\u0131mac\u0131l\u0131\u011f\u0131 alan\u0131ndaki kar\u015f\u0131l\u0131kl\u0131l\u0131k ilkesine ayk\u0131r\u0131 olmas\u0131 nedeniyle al\u0131nd\u0131\u011f\u0131n\u0131 s\u00f6yledi.<\/p>\n<p style=\"text-align: justify;\">Ayr\u0131ca Allu\u015f, kurumun kara ta\u015f\u0131mac\u0131l\u0131\u011f\u0131 sekt\u00f6r\u00fcndeki \u00e7al\u0131\u015fanlar\u0131n haklar\u0131n\u0131 koruma konusundaki kararl\u0131l\u0131\u011f\u0131n\u0131 vurgulayarak, Suriyeli kamyonlara adil ve e\u015fit muamele sa\u011flanmas\u0131 amac\u0131yla ilgili t\u00fcm kurumlarla koordineli olarak gerekli tedbirlerin al\u0131naca\u011f\u0131n\u0131 bildirdi.<\/p>\n<p>&nbsp;<\/p>\n","protected":false},"excerpt":{"rendered":"<p>\u015eAM (SANA) &#8211; Suriye Genel Kara ve Deniz S\u0131n\u0131r Kap\u0131lar\u0131 Kurumu, M\u0131s\u0131r ve Suudi Arabistan\u2019dan gelen kamyonlar\u0131n Suriye topraklar\u0131na giri\u015fini yasaklayan bir karar yay\u0131mlad\u0131. Genel Kara ve Deniz S\u0131n\u0131r Kap\u0131lar\u0131 Kurumu Halkla \u0130li\u015fkiler M\u00fcd\u00fcr\u00fc Mazen Allu\u015f, SANA\u2019ya yapt\u0131\u011f\u0131 a\u00e7\u0131klamada, Suriyeli kamyon ve so\u011futucu ara\u00e7 s\u00fcr\u00fcc\u00fclerinin hakl\u0131 taleplerine yan\u0131t olarak, kar\u015f\u0131l\u0131kl\u0131l\u0131k ilkesini g\u00fc\u00e7lendirmek, kara ta\u015f\u0131mac\u0131l\u0131\u011f\u0131 sekt\u00f6r\u00fcn\u00fcn &hellip;<\/p>\n","protected":false},"author":36,"featured_media":325599,"comment_status":"closed","ping_status":"closed","sticky":false,"template":"","format":"standard","meta":{"footnotes":""},"categories":[589,479,17988,478],"tags":[44052,44053],"class_list":["post-325598","post","type-post","status-publish","format-standard","has-post-thumbnail","","category-haber-seridi","category-haberler-yerel","category-son-haberler","category-yerel","tag-allus","tag-sanaya-konustu-misir-ve-suudi-arabistandan-gelen-kamyonlarin-suriye-topraklarina-girisi-yasaklandi"],"_links":{"self":[{"href":"https:\/\/archive.sana.sy\/tr\/index.php?rest_route=\/wp\/v2\/posts\/325598","targetHints":{"allow":["GET"]}}],"collection":[{"href":"https:\/\/archive.sana.sy\/tr\/index.php?rest_route=\/wp\/v2\/posts"}],"about":[{"href":"https:\/\/archive.sana.sy\/tr\/index.php?rest_route=\/wp\/v2\/types\/post"}],"author":[{"embeddable":true,"href":"https:\/\/archive.sana.sy\/tr\/index.php?rest_route=\/wp\/v2\/users\/36"}],"replies":[{"embeddable":true,"href":"https:\/\/archive.sana.sy\/tr\/index.php?rest_route=%2Fwp%2Fv2%2Fcomments&post=325598"}],"version-history":[{"count":1,"href":"https:\/\/archive.sana.sy\/tr\/index.php?rest_route=\/wp\/v2\/posts\/325598\/revisions"}],"predecessor-version":[{"id":325600,"href":"https:\/\/archive.sana.sy\/tr\/index.php?rest_route=\/wp\/v2\/posts\/325598\/revisions\/325600"}],"wp:featuredmedia":[{"embeddable":true,"href":"https:\/\/archive.sana.sy\/tr\/index.php?rest_route=\/wp\/v2\/media\/325599"}],"wp:attachment":[{"href":"https:\/\/archive.sana.sy\/tr\/index.php?rest_route=%2Fwp%2Fv2%2Fmedia&parent=325598"}],"wp:term":[{"taxonomy":"category","embeddable":true,"href":"https:\/\/archive.sana.sy\/tr\/index.php?rest_route=%2Fwp%2Fv2%2Fcategories&post=325598"},{"taxonomy":"post_tag","embeddable":true,"href":"https:\/\/archive.sana.sy\/tr\/index.php?rest_route=%2Fwp%2Fv2%2Ftags&post=325598"}],"curies":[{"name":"wp","href":"https:\/\/api.w.org\/{rel}","templated":true}]}}