{"id":325601,"date":"2025-07-15T18:13:46","date_gmt":"2025-07-15T15:13:46","guid":{"rendered":"https:\/\/sana.sy\/tr\/?p=325601"},"modified":"2025-07-15T21:43:21","modified_gmt":"2025-07-15T18:43:21","slug":"urdun-suveydadaki-ateskesi-memnuniyetle-karsiladi-ve-suriye-hukumetine-destegini-vurguladi","status":"publish","type":"post","link":"https:\/\/archive.sana.sy\/tr\/?p=325601","title":{"rendered":"\u00dcrd\u00fcn, S\u00fcveyda&#8217;daki Ate\u015fkesi Memnuniyetle Kar\u015f\u0131lad\u0131 Ve Suriye H\u00fck\u00fcmetine Deste\u011fini Vurgulad\u0131"},"content":{"rendered":"<p style=\"text-align: justify;\"><span style=\"color: #ff0000;\"><strong>AMMAN (SANA)<\/strong> <\/span>&#8211;\u00a0 \u00dcrd\u00fcn D\u0131\u015fi\u015fleri Bakanl\u0131\u011f\u0131 bug\u00fcn, Suriye&#8217;nin g\u00fcneyindeki S\u00fcveyda ilindeki ate\u015fkesi memnuniyetle kar\u015f\u0131lad\u0131 ve Suriye devletinin egemenli\u011fini korumas\u0131na verdi\u011fi deste\u011fi teyit etti.<\/p>\n<p style=\"text-align: justify;\">\u00dcrd\u00fcn Petra Haber Ajans\u0131, bakanl\u0131k s\u00f6zc\u00fcs\u00fc B\u00fcy\u00fckel\u00e7i Sufian Kudah&#8217;\u0131n, Suriye&#8217;de kan d\u00f6k\u00fclmesinin \u00f6nlenmesi, sivillerin korunmas\u0131, yasalar\u0131n uygulanmas\u0131 ve Suriye egemenli\u011finin t\u00fcm topraklar\u0131 \u00fczerinde uygulanmas\u0131 i\u00e7in s\u00fckunet ve itidal gerekti\u011fini vurgulad\u0131\u011f\u0131n\u0131 bildirdi.<\/p>\n<p style=\"text-align: justify;\">Kudah ayr\u0131ca, \u00dcrd\u00fcn&#8217;\u00fcn Suriye h\u00fck\u00fcmetinin, Suriye&#8217;nin g\u00fcvenli\u011fini, istikrar\u0131n\u0131, birli\u011fini ve egemenli\u011fini garanti alt\u0131na alan ve t\u00fcm Suriyelilerin g\u00fcvenli\u011fini, haklar\u0131n\u0131 ve emniyetini koruyan temeller \u00fczerine yeniden in\u015fa \u00e7abalar\u0131na verdi\u011fi deste\u011fi vurgulad\u0131.<\/p>\n","protected":false},"excerpt":{"rendered":"<p>AMMAN (SANA) &#8211;\u00a0 \u00dcrd\u00fcn D\u0131\u015fi\u015fleri Bakanl\u0131\u011f\u0131 bug\u00fcn, Suriye&#8217;nin g\u00fcneyindeki S\u00fcveyda ilindeki ate\u015fkesi memnuniyetle kar\u015f\u0131lad\u0131 ve Suriye devletinin egemenli\u011fini korumas\u0131na verdi\u011fi deste\u011fi teyit etti. \u00dcrd\u00fcn Petra Haber Ajans\u0131, bakanl\u0131k s\u00f6zc\u00fcs\u00fc B\u00fcy\u00fckel\u00e7i Sufian Kudah&#8217;\u0131n, Suriye&#8217;de kan d\u00f6k\u00fclmesinin \u00f6nlenmesi, sivillerin korunmas\u0131, yasalar\u0131n uygulanmas\u0131 ve Suriye egemenli\u011finin t\u00fcm topraklar\u0131 \u00fczerinde uygulanmas\u0131 i\u00e7in s\u00fckunet ve itidal gerekti\u011fini vurgulad\u0131\u011f\u0131n\u0131 bildirdi. Kudah &hellip;<\/p>\n","protected":false},"author":36,"featured_media":325602,"comment_status":"closed","ping_status":"closed","sticky":false,"template":"","format":"standard","meta":{"footnotes":""},"categories":[458,589,459,17988],"tags":[44054,5615],"class_list":["post-325601","post","type-post","status-publish","format-standard","has-post-thumbnail","","category-dunya1","category-haber-seridi","category-haberler-arap-uluslararasi-politika","category-son-haberler","tag-suveydadaki-ateskesi-memnuniyetle-karsiladi-ve-suriye-hukumetine-destegini-vurguladi","tag-urdun"],"_links":{"self":[{"href":"https:\/\/archive.sana.sy\/tr\/index.php?rest_route=\/wp\/v2\/posts\/325601","targetHints":{"allow":["GET"]}}],"collection":[{"href":"https:\/\/archive.sana.sy\/tr\/index.php?rest_route=\/wp\/v2\/posts"}],"about":[{"href":"https:\/\/archive.sana.sy\/tr\/index.php?rest_route=\/wp\/v2\/types\/post"}],"author":[{"embeddable":true,"href":"https:\/\/archive.sana.sy\/tr\/index.php?rest_route=\/wp\/v2\/users\/36"}],"replies":[{"embeddable":true,"href":"https:\/\/archive.sana.sy\/tr\/index.php?rest_route=%2Fwp%2Fv2%2Fcomments&post=325601"}],"version-history":[{"count":2,"href":"https:\/\/archive.sana.sy\/tr\/index.php?rest_route=\/wp\/v2\/posts\/325601\/revisions"}],"predecessor-version":[{"id":325624,"href":"https:\/\/archive.sana.sy\/tr\/index.php?rest_route=\/wp\/v2\/posts\/325601\/revisions\/325624"}],"wp:featuredmedia":[{"embeddable":true,"href":"https:\/\/archive.sana.sy\/tr\/index.php?rest_route=\/wp\/v2\/media\/325602"}],"wp:attachment":[{"href":"https:\/\/archive.sana.sy\/tr\/index.php?rest_route=%2Fwp%2Fv2%2Fmedia&parent=325601"}],"wp:term":[{"taxonomy":"category","embeddable":true,"href":"https:\/\/archive.sana.sy\/tr\/index.php?rest_route=%2Fwp%2Fv2%2Fcategories&post=325601"},{"taxonomy":"post_tag","embeddable":true,"href":"https:\/\/archive.sana.sy\/tr\/index.php?rest_route=%2Fwp%2Fv2%2Ftags&post=325601"}],"curies":[{"name":"wp","href":"https:\/\/api.w.org\/{rel}","templated":true}]}}