{"id":325615,"date":"2025-07-15T20:21:26","date_gmt":"2025-07-15T17:21:26","guid":{"rendered":"https:\/\/sana.sy\/tr\/?p=325615"},"modified":"2025-07-15T20:21:26","modified_gmt":"2025-07-15T17:21:26","slug":"suudi-arabistan-suriye-topraklarina-yonelik-israilin-aleni-saldirilarini-kinadi","status":"publish","type":"post","link":"https:\/\/archive.sana.sy\/tr\/?p=325615","title":{"rendered":"Suudi Arabistan, Suriye Topraklar\u0131na Y\u00f6nelik \u0130srail\u2019in Aleni Sald\u0131r\u0131lar\u0131n\u0131 K\u0131nad\u0131"},"content":{"rendered":"<p style=\"text-align: justify;\"><span style=\"color: #ff0000;\"><strong>R\u0130YAD (SANA) &#8211;<\/strong><\/span> Suudi Arabistan Krall\u0131\u011f\u0131, Suriye topraklar\u0131na y\u00f6nelik \u0130srail\u2019in aleni ve devam eden sald\u0131r\u0131lar\u0131n\u0131 \u015fiddetle k\u0131nayarak, uluslararas\u0131 toplumu bu d\u00f6nemde Suriye\u2019nin yan\u0131nda durmaya ve desteklemeye \u00e7a\u011f\u0131rd\u0131.<\/p>\n<p style=\"text-align: justify;\">Suudi Arabistan D\u0131\u015fi\u015fleri Bakanl\u0131\u011f\u0131\u2019n\u0131n a\u00e7\u0131klamas\u0131nda, Krall\u0131k\u2019\u0131n karde\u015f Suriye Arap Cumhuriyeti\u2019ndeki geli\u015fmeleri yak\u0131ndan takip etti\u011fi, Suriye h\u00fck\u00fcmetinin g\u00fcvenlik, istikrar ve toplumsal bar\u0131\u015f\u0131n sa\u011flanmas\u0131, devlet egemenli\u011finin ve kurumlar\u0131n\u0131n \u00fclke topraklar\u0131 \u00fczerindeki tam hakimiyetinin korunmas\u0131 i\u00e7in ald\u0131\u011f\u0131 tedbirlerden memnuniyet duydu\u011fu ifade edildi.<\/p>\n<p style=\"text-align: justify;\">Bakanl\u0131k, \u0130srail\u2019in Suriye topraklar\u0131na y\u00f6nelik aleni sald\u0131r\u0131lar\u0131n\u0131n ve Suriye\u2019nin i\u00e7 i\u015flerine m\u00fcdahalesinin, uluslararas\u0131 hukuk ile 1974 y\u0131l\u0131nda Suriye ile \u0130srail aras\u0131nda imzalanan Ate\u015fkes Anla\u015fmas\u0131\u2019n\u0131n a\u00e7\u0131k bir ihlali oldu\u011funu vurgulad\u0131.<\/p>\n<p style=\"text-align: justify;\">Son olarak, D\u0131\u015fi\u015fleri Bakanl\u0131\u011f\u0131 uluslararas\u0131 toplumu karde\u015f Suriye Arap Cumhuriyeti\u2019nin yan\u0131nda durmaya, bu sald\u0131r\u0131lar ve ihlaller kar\u015f\u0131s\u0131nda birlikte hareket etmeye bir kez daha \u00e7a\u011f\u0131rd\u0131.<\/p>\n","protected":false},"excerpt":{"rendered":"<p>R\u0130YAD (SANA) &#8211; Suudi Arabistan Krall\u0131\u011f\u0131, Suriye topraklar\u0131na y\u00f6nelik \u0130srail\u2019in aleni ve devam eden sald\u0131r\u0131lar\u0131n\u0131 \u015fiddetle k\u0131nayarak, uluslararas\u0131 toplumu bu d\u00f6nemde Suriye\u2019nin yan\u0131nda durmaya ve desteklemeye \u00e7a\u011f\u0131rd\u0131. Suudi Arabistan D\u0131\u015fi\u015fleri Bakanl\u0131\u011f\u0131\u2019n\u0131n a\u00e7\u0131klamas\u0131nda, Krall\u0131k\u2019\u0131n karde\u015f Suriye Arap Cumhuriyeti\u2019ndeki geli\u015fmeleri yak\u0131ndan takip etti\u011fi, Suriye h\u00fck\u00fcmetinin g\u00fcvenlik, istikrar ve toplumsal bar\u0131\u015f\u0131n sa\u011flanmas\u0131, devlet egemenli\u011finin ve kurumlar\u0131n\u0131n \u00fclke topraklar\u0131 &hellip;<\/p>\n","protected":false},"author":41,"featured_media":325616,"comment_status":"closed","ping_status":"closed","sticky":false,"template":"","format":"standard","meta":{"footnotes":""},"categories":[458,589,459,17988],"tags":[],"class_list":["post-325615","post","type-post","status-publish","format-standard","has-post-thumbnail","","category-dunya1","category-haber-seridi","category-haberler-arap-uluslararasi-politika","category-son-haberler"],"_links":{"self":[{"href":"https:\/\/archive.sana.sy\/tr\/index.php?rest_route=\/wp\/v2\/posts\/325615","targetHints":{"allow":["GET"]}}],"collection":[{"href":"https:\/\/archive.sana.sy\/tr\/index.php?rest_route=\/wp\/v2\/posts"}],"about":[{"href":"https:\/\/archive.sana.sy\/tr\/index.php?rest_route=\/wp\/v2\/types\/post"}],"author":[{"embeddable":true,"href":"https:\/\/archive.sana.sy\/tr\/index.php?rest_route=\/wp\/v2\/users\/41"}],"replies":[{"embeddable":true,"href":"https:\/\/archive.sana.sy\/tr\/index.php?rest_route=%2Fwp%2Fv2%2Fcomments&post=325615"}],"version-history":[{"count":1,"href":"https:\/\/archive.sana.sy\/tr\/index.php?rest_route=\/wp\/v2\/posts\/325615\/revisions"}],"predecessor-version":[{"id":325617,"href":"https:\/\/archive.sana.sy\/tr\/index.php?rest_route=\/wp\/v2\/posts\/325615\/revisions\/325617"}],"wp:featuredmedia":[{"embeddable":true,"href":"https:\/\/archive.sana.sy\/tr\/index.php?rest_route=\/wp\/v2\/media\/325616"}],"wp:attachment":[{"href":"https:\/\/archive.sana.sy\/tr\/index.php?rest_route=%2Fwp%2Fv2%2Fmedia&parent=325615"}],"wp:term":[{"taxonomy":"category","embeddable":true,"href":"https:\/\/archive.sana.sy\/tr\/index.php?rest_route=%2Fwp%2Fv2%2Fcategories&post=325615"},{"taxonomy":"post_tag","embeddable":true,"href":"https:\/\/archive.sana.sy\/tr\/index.php?rest_route=%2Fwp%2Fv2%2Ftags&post=325615"}],"curies":[{"name":"wp","href":"https:\/\/api.w.org\/{rel}","templated":true}]}}