{"id":325628,"date":"2025-07-16T09:05:57","date_gmt":"2025-07-16T06:05:57","guid":{"rendered":"https:\/\/sana.sy\/tr\/?p=325628"},"modified":"2025-07-16T09:05:57","modified_gmt":"2025-07-16T06:05:57","slug":"bahreyn-suriyenin-guvenligine-egemenligine-birligine-ve-toprak-butunlugune-destegini-yineledi","status":"publish","type":"post","link":"https:\/\/archive.sana.sy\/tr\/?p=325628","title":{"rendered":"Bahreyn, Suriye&#8217;nin G\u00fcvenli\u011fine, Egemenli\u011fine, Birli\u011fine ve Toprak B\u00fct\u00fcnl\u00fc\u011f\u00fcne Deste\u011fini Yineledi"},"content":{"rendered":"<p style=\"text-align: justify;\"><strong>MANAMA (SANA) &#8211;<\/strong> Bahreyn Krall\u0131\u011f\u0131, Suriye Arap Cumhuriyeti h\u00fck\u00fcmetinin g\u00fcneydeki S\u00fcveyda ilinde ate\u015fkes ilan etmesini memnuniyetle kar\u015f\u0131lad\u0131.<\/p>\n<p style=\"text-align: justify;\">Bahreyn D\u0131\u015fi\u015fleri Bakanl\u0131\u011f\u0131, Bahreyn Haber Ajans\u0131 (BNA) taraf\u0131ndan yay\u0131nlanan bir a\u00e7\u0131klamada, bu duyurunun g\u00fcvenlik ve istikrar\u0131n art\u0131r\u0131lmas\u0131na ve i\u00e7 bar\u0131\u015f\u0131n korunmas\u0131na katk\u0131da bulundu\u011funu belirtti.<\/p>\n<p style=\"text-align: justify;\">Bakanl\u0131k ayr\u0131ca, Bahreyn Krall\u0131\u011f\u0131&#8217;n\u0131n Suriye&#8217;nin g\u00fcvenli\u011fi ve istikrar\u0131, egemenli\u011finin, birli\u011finin ve toprak b\u00fct\u00fcnl\u00fc\u011f\u00fcn\u00fcn korunmas\u0131 ve karde\u015f halk\u0131n\u0131n bar\u0131\u015f ve s\u00fcrd\u00fcr\u00fclebilir kalk\u0131nma \u00f6zlemlerinin yerine getirilmesi konusundaki kararl\u0131 ve destekleyici tutumunu yineledi.<\/p>\n","protected":false},"excerpt":{"rendered":"<p>MANAMA (SANA) &#8211; Bahreyn Krall\u0131\u011f\u0131, Suriye Arap Cumhuriyeti h\u00fck\u00fcmetinin g\u00fcneydeki S\u00fcveyda ilinde ate\u015fkes ilan etmesini memnuniyetle kar\u015f\u0131lad\u0131. Bahreyn D\u0131\u015fi\u015fleri Bakanl\u0131\u011f\u0131, Bahreyn Haber Ajans\u0131 (BNA) taraf\u0131ndan yay\u0131nlanan bir a\u00e7\u0131klamada, bu duyurunun g\u00fcvenlik ve istikrar\u0131n art\u0131r\u0131lmas\u0131na ve i\u00e7 bar\u0131\u015f\u0131n korunmas\u0131na katk\u0131da bulundu\u011funu belirtti. Bakanl\u0131k ayr\u0131ca, Bahreyn Krall\u0131\u011f\u0131&#8217;n\u0131n Suriye&#8217;nin g\u00fcvenli\u011fi ve istikrar\u0131, egemenli\u011finin, birli\u011finin ve toprak b\u00fct\u00fcnl\u00fc\u011f\u00fcn\u00fcn korunmas\u0131 &hellip;<\/p>\n","protected":false},"author":39,"featured_media":325629,"comment_status":"closed","ping_status":"closed","sticky":false,"template":"","format":"standard","meta":{"footnotes":""},"categories":[458,589,459,17988],"tags":[],"class_list":["post-325628","post","type-post","status-publish","format-standard","has-post-thumbnail","","category-dunya1","category-haber-seridi","category-haberler-arap-uluslararasi-politika","category-son-haberler"],"_links":{"self":[{"href":"https:\/\/archive.sana.sy\/tr\/index.php?rest_route=\/wp\/v2\/posts\/325628","targetHints":{"allow":["GET"]}}],"collection":[{"href":"https:\/\/archive.sana.sy\/tr\/index.php?rest_route=\/wp\/v2\/posts"}],"about":[{"href":"https:\/\/archive.sana.sy\/tr\/index.php?rest_route=\/wp\/v2\/types\/post"}],"author":[{"embeddable":true,"href":"https:\/\/archive.sana.sy\/tr\/index.php?rest_route=\/wp\/v2\/users\/39"}],"replies":[{"embeddable":true,"href":"https:\/\/archive.sana.sy\/tr\/index.php?rest_route=%2Fwp%2Fv2%2Fcomments&post=325628"}],"version-history":[{"count":1,"href":"https:\/\/archive.sana.sy\/tr\/index.php?rest_route=\/wp\/v2\/posts\/325628\/revisions"}],"predecessor-version":[{"id":325630,"href":"https:\/\/archive.sana.sy\/tr\/index.php?rest_route=\/wp\/v2\/posts\/325628\/revisions\/325630"}],"wp:featuredmedia":[{"embeddable":true,"href":"https:\/\/archive.sana.sy\/tr\/index.php?rest_route=\/wp\/v2\/media\/325629"}],"wp:attachment":[{"href":"https:\/\/archive.sana.sy\/tr\/index.php?rest_route=%2Fwp%2Fv2%2Fmedia&parent=325628"}],"wp:term":[{"taxonomy":"category","embeddable":true,"href":"https:\/\/archive.sana.sy\/tr\/index.php?rest_route=%2Fwp%2Fv2%2Fcategories&post=325628"},{"taxonomy":"post_tag","embeddable":true,"href":"https:\/\/archive.sana.sy\/tr\/index.php?rest_route=%2Fwp%2Fv2%2Ftags&post=325628"}],"curies":[{"name":"wp","href":"https:\/\/api.w.org\/{rel}","templated":true}]}}