{"id":325634,"date":"2025-07-16T09:09:48","date_gmt":"2025-07-16T06:09:48","guid":{"rendered":"https:\/\/sana.sy\/tr\/?p=325634"},"modified":"2025-07-16T09:09:48","modified_gmt":"2025-07-16T06:09:48","slug":"urdun-israilin-suriyeye-yonelik-bombardimani-egemenligini-ve-guvenligini-hedef-alan-tehlikeli-bir-tirmanistir","status":"publish","type":"post","link":"https:\/\/archive.sana.sy\/tr\/?p=325634","title":{"rendered":"\u00dcrd\u00fcn: \u0130srail&#8217;in Suriye&#8217;ye Y\u00f6nelik Bombard\u0131man\u0131, Egemenli\u011fini Ve G\u00fcvenli\u011fini Hedef Alan Tehlikeli Bir T\u0131rman\u0131\u015ft\u0131r"},"content":{"rendered":"<p style=\"text-align: justify;\"><strong>AMMAN (SANA) &#8211;<\/strong> \u00dcrd\u00fcn D\u0131\u015fi\u015fleri Bakanl\u0131\u011f\u0131, \u0130srail&#8217;in Suriye Arap Cumhuriyeti&#8217;ne y\u00f6nelik bombard\u0131man\u0131n\u0131 k\u0131nad\u0131 ve bunun uluslararas\u0131 hukukun a\u00e7\u0131k bir ihlali ve Suriye&#8217;nin istikrar\u0131n\u0131, egemenli\u011fini ve g\u00fcvenli\u011fini hedef alan tehlikeli bir t\u0131rman\u0131\u015f oldu\u011funu belirtti.<\/p>\n<p style=\"text-align: justify;\">\u00dcrd\u00fcn Haber Ajans\u0131 (Petra), Bakanl\u0131k S\u00f6zc\u00fcs\u00fc B\u00fcy\u00fckel\u00e7i S\u00fcfyan Kudah&#8217;\u0131n bu sald\u0131r\u0131lar\u0131n derhal durdurulmas\u0131 ve karde\u015f Suriye&#8217;ye ve egemenli\u011fine sayg\u0131 g\u00f6sterilmesi gerekti\u011fini vurgulad\u0131\u011f\u0131n\u0131 aktard\u0131.<\/p>\n<p style=\"text-align: justify;\">B\u00fcy\u00fckel\u00e7i Kudah, Krall\u0131\u011f\u0131n Suriye&#8217;ye, g\u00fcvenli\u011fine, istikrar\u0131na, egemenli\u011fine ve topraklar\u0131n\u0131n ve vatanda\u015flar\u0131n\u0131n b\u00fct\u00fcnl\u00fc\u011f\u00fcne tam destek ve dayan\u0131\u015fmas\u0131n\u0131 yineledi ve Suriye&#8217;nin g\u00fcvenlik ve istikrar\u0131n\u0131n b\u00f6lgesel istikrar\u0131n bir temeli oldu\u011funu vurgulad\u0131.<\/p>\n","protected":false},"excerpt":{"rendered":"<p>AMMAN (SANA) &#8211; \u00dcrd\u00fcn D\u0131\u015fi\u015fleri Bakanl\u0131\u011f\u0131, \u0130srail&#8217;in Suriye Arap Cumhuriyeti&#8217;ne y\u00f6nelik bombard\u0131man\u0131n\u0131 k\u0131nad\u0131 ve bunun uluslararas\u0131 hukukun a\u00e7\u0131k bir ihlali ve Suriye&#8217;nin istikrar\u0131n\u0131, egemenli\u011fini ve g\u00fcvenli\u011fini hedef alan tehlikeli bir t\u0131rman\u0131\u015f oldu\u011funu belirtti. \u00dcrd\u00fcn Haber Ajans\u0131 (Petra), Bakanl\u0131k S\u00f6zc\u00fcs\u00fc B\u00fcy\u00fckel\u00e7i S\u00fcfyan Kudah&#8217;\u0131n bu sald\u0131r\u0131lar\u0131n derhal durdurulmas\u0131 ve karde\u015f Suriye&#8217;ye ve egemenli\u011fine sayg\u0131 g\u00f6sterilmesi gerekti\u011fini vurgulad\u0131\u011f\u0131n\u0131 &hellip;<\/p>\n","protected":false},"author":39,"featured_media":325635,"comment_status":"closed","ping_status":"closed","sticky":false,"template":"","format":"standard","meta":{"footnotes":""},"categories":[458,589,459,17988],"tags":[],"class_list":["post-325634","post","type-post","status-publish","format-standard","has-post-thumbnail","","category-dunya1","category-haber-seridi","category-haberler-arap-uluslararasi-politika","category-son-haberler"],"_links":{"self":[{"href":"https:\/\/archive.sana.sy\/tr\/index.php?rest_route=\/wp\/v2\/posts\/325634","targetHints":{"allow":["GET"]}}],"collection":[{"href":"https:\/\/archive.sana.sy\/tr\/index.php?rest_route=\/wp\/v2\/posts"}],"about":[{"href":"https:\/\/archive.sana.sy\/tr\/index.php?rest_route=\/wp\/v2\/types\/post"}],"author":[{"embeddable":true,"href":"https:\/\/archive.sana.sy\/tr\/index.php?rest_route=\/wp\/v2\/users\/39"}],"replies":[{"embeddable":true,"href":"https:\/\/archive.sana.sy\/tr\/index.php?rest_route=%2Fwp%2Fv2%2Fcomments&post=325634"}],"version-history":[{"count":1,"href":"https:\/\/archive.sana.sy\/tr\/index.php?rest_route=\/wp\/v2\/posts\/325634\/revisions"}],"predecessor-version":[{"id":325636,"href":"https:\/\/archive.sana.sy\/tr\/index.php?rest_route=\/wp\/v2\/posts\/325634\/revisions\/325636"}],"wp:featuredmedia":[{"embeddable":true,"href":"https:\/\/archive.sana.sy\/tr\/index.php?rest_route=\/wp\/v2\/media\/325635"}],"wp:attachment":[{"href":"https:\/\/archive.sana.sy\/tr\/index.php?rest_route=%2Fwp%2Fv2%2Fmedia&parent=325634"}],"wp:term":[{"taxonomy":"category","embeddable":true,"href":"https:\/\/archive.sana.sy\/tr\/index.php?rest_route=%2Fwp%2Fv2%2Fcategories&post=325634"},{"taxonomy":"post_tag","embeddable":true,"href":"https:\/\/archive.sana.sy\/tr\/index.php?rest_route=%2Fwp%2Fv2%2Ftags&post=325634"}],"curies":[{"name":"wp","href":"https:\/\/api.w.org\/{rel}","templated":true}]}}