{"id":325650,"date":"2025-07-16T10:22:08","date_gmt":"2025-07-16T07:22:08","guid":{"rendered":"https:\/\/sana.sy\/tr\/?p=325650"},"modified":"2025-07-17T08:24:23","modified_gmt":"2025-07-17T05:24:23","slug":"suriye-acil-durum-bakani-lazkiyedeki-yangin-sondurme-calismalarinin-sona-erdigini-duyurdu","status":"publish","type":"post","link":"https:\/\/archive.sana.sy\/tr\/?p=325650","title":{"rendered":"Suriye Acil Durum Bakan\u0131, Lazkiye&#8217;deki Yang\u0131n S\u00f6nd\u00fcrme \u00c7al\u0131\u015fmalar\u0131n\u0131n Sona Erdi\u011fini Duyurdu"},"content":{"rendered":"<p style=\"text-align: justify;\"><strong><span style=\"color: #ff0000;\">LAZK\u0130YE (SANA)<\/span> &#8211; <\/strong>Acil Durum ve Afet Y\u00f6netimi Bakan\u0131 Raed El Salih, Lazkiye da\u011flar\u0131nda \u00e7\u0131kan orman yang\u0131nlar\u0131n\u0131n tamamen s\u00f6nd\u00fcr\u00fcld\u00fc\u011f\u00fcn\u00fc a\u00e7\u0131klayarak, ba\u015far\u0131n\u0131n devlet kurumlar\u0131, g\u00f6n\u00fcll\u00fc ekipler ve uluslararas\u0131 destekle sa\u011flanan geni\u015f \u00e7apl\u0131 i\u015f birli\u011finin sonucu oldu\u011funu vurgulad\u0131.<\/p>\n<p style=\"text-align: justify;\"><img loading=\"lazy\" decoding=\"async\" class=\"size-full wp-image-325654 alignright\" src=\"http:\/\/sana.sy\/tr\/wp-content\/uploads\/2025\/07\/002A8998-300x195-1.jpg\" alt=\"\" width=\"300\" height=\"195\" \/>El Salih, Lazkiye Valisi Muhammed Osman ile d\u00fczenledi\u011fi ortak bas\u0131n toplant\u0131s\u0131nda, yang\u0131n s\u00f6nd\u00fcrme \u00e7al\u0131\u015fmalar\u0131nda sahadaki en b\u00fcy\u00fck zorluklar\u0131n ba\u015f\u0131nda may\u0131nlar, sava\u015f kal\u0131nt\u0131lar\u0131, y\u00f6n\u00fc s\u0131k s\u0131k de\u011fi\u015fen sert r\u00fczgarlar ve engebeli arazinin geldi\u011fini, ancak as\u0131l tehlikenin, y\u0131llard\u0131r ihmal edilen ormanlar\u0131n yang\u0131na kar\u015f\u0131 savunmas\u0131z hale gelmesiyle birlikte, \u00f6n\u00fcm\u00fczdeki s\u00fcre\u00e7te ya\u015fanabilecek toprak kayb\u0131, bitki \u00f6rt\u00fcs\u00fcn\u00fcn yok olmas\u0131 ve iklim de\u011fi\u015fikli\u011fi kaynakl\u0131 ciddi kurakl\u0131k riski gibi olumsuz etkiler oldu\u011funu belirtti.<\/p>\n<p style=\"text-align: justify;\">Bakan El Salih ayr\u0131ca, bakanl\u0131\u011f\u0131n ormanlar\u0131 korumak i\u00e7in ulusal bir sistem kurmay\u0131 da i\u00e7eren entegre bir plan\u0131n par\u00e7as\u0131 olarak yak\u0131nda yang\u0131nlar i\u00e7in erken uyar\u0131 sistemi kurmaya ba\u015flayaca\u011f\u0131na dikkat \u00e7ekti.<\/p>\n<p style=\"text-align: justify;\">Lazkiye Valisi Muhammed Osman ise, 16 bin hektardan fazla alan\u0131n zarar g\u00f6rd\u00fc\u011f\u00fcn\u00fc, 45 k\u00f6y\u00fcn etkilendi\u011fini ve 1200 ailenin zarar g\u00f6rd\u00fc\u011f\u00fcn\u00fc a\u00e7\u0131klayarak, zarar tespitinin ard\u0131ndan, ilgili bakanl\u0131klarla koordinasyon i\u00e7erisinde yeniden rehabilitasyon \u00e7al\u0131\u015fmalar\u0131n\u0131n ba\u015flat\u0131laca\u011f\u0131n\u0131 ifade etti.<\/p>\n<div id='gallery-1' class='gallery galleryid-325650 gallery-columns-1 gallery-size-full'><figure class='gallery-item'>\n\t\t\t<div class='gallery-icon landscape'>\n\t\t\t\t<a href='https:\/\/archive.sana.sy\/tr\/wp-content\/uploads\/2025\/07\/002A9066-scaled-1.jpg'><img loading=\"lazy\" decoding=\"async\" width=\"2560\" height=\"1635\" src=\"https:\/\/archive.sana.sy\/tr\/wp-content\/uploads\/2025\/07\/002A9066-scaled-1.jpg\" class=\"attachment-full size-full\" alt=\"\" srcset=\"https:\/\/archive.sana.sy\/tr\/wp-content\/uploads\/2025\/07\/002A9066-scaled-1.jpg 2560w, https:\/\/archive.sana.sy\/tr\/wp-content\/uploads\/2025\/07\/002A9066-scaled-1-300x192.jpg 300w, https:\/\/archive.sana.sy\/tr\/wp-content\/uploads\/2025\/07\/002A9066-scaled-1-1024x654.jpg 1024w, https:\/\/archive.sana.sy\/tr\/wp-content\/uploads\/2025\/07\/002A9066-scaled-1-768x491.jpg 768w, https:\/\/archive.sana.sy\/tr\/wp-content\/uploads\/2025\/07\/002A9066-scaled-1-1536x981.jpg 1536w, https:\/\/archive.sana.sy\/tr\/wp-content\/uploads\/2025\/07\/002A9066-scaled-1-2048x1308.jpg 2048w\" sizes=\"auto, (max-width: 2560px) 100vw, 2560px\" \/><\/a>\n\t\t\t<\/div><\/figure><figure class='gallery-item'>\n\t\t\t<div class='gallery-icon landscape'>\n\t\t\t\t<a href='https:\/\/archive.sana.sy\/tr\/wp-content\/uploads\/2025\/07\/\u0627\u0644\u0637\u0648\u0627\u0631\u0626-1.png'><img loading=\"lazy\" decoding=\"async\" width=\"660\" height=\"370\" src=\"https:\/\/archive.sana.sy\/tr\/wp-content\/uploads\/2025\/07\/\u0627\u0644\u0637\u0648\u0627\u0631\u0626-1.png\" class=\"attachment-full size-full\" alt=\"\" srcset=\"https:\/\/archive.sana.sy\/tr\/wp-content\/uploads\/2025\/07\/\u0627\u0644\u0637\u0648\u0627\u0631\u0626-1.png 660w, https:\/\/archive.sana.sy\/tr\/wp-content\/uploads\/2025\/07\/\u0627\u0644\u0637\u0648\u0627\u0631\u0626-1-300x168.png 300w\" sizes=\"auto, (max-width: 660px) 100vw, 660px\" \/><\/a>\n\t\t\t<\/div><\/figure>\n\t\t<\/div>\n\n","protected":false},"excerpt":{"rendered":"<p>LAZK\u0130YE (SANA) &#8211; Acil Durum ve Afet Y\u00f6netimi Bakan\u0131 Raed El Salih, Lazkiye da\u011flar\u0131nda \u00e7\u0131kan orman yang\u0131nlar\u0131n\u0131n tamamen s\u00f6nd\u00fcr\u00fcld\u00fc\u011f\u00fcn\u00fc a\u00e7\u0131klayarak, ba\u015far\u0131n\u0131n devlet kurumlar\u0131, g\u00f6n\u00fcll\u00fc ekipler ve uluslararas\u0131 destekle sa\u011flanan geni\u015f \u00e7apl\u0131 i\u015f birli\u011finin sonucu oldu\u011funu vurgulad\u0131. El Salih, Lazkiye Valisi Muhammed Osman ile d\u00fczenledi\u011fi ortak bas\u0131n toplant\u0131s\u0131nda, yang\u0131n s\u00f6nd\u00fcrme \u00e7al\u0131\u015fmalar\u0131nda sahadaki en b\u00fcy\u00fck zorluklar\u0131n ba\u015f\u0131nda &hellip;<\/p>\n","protected":false},"author":39,"featured_media":325651,"comment_status":"closed","ping_status":"closed","sticky":false,"template":"","format":"standard","meta":{"footnotes":""},"categories":[479,17988,478],"tags":[],"class_list":["post-325650","post","type-post","status-publish","format-standard","has-post-thumbnail","","category-haberler-yerel","category-son-haberler","category-yerel"],"_links":{"self":[{"href":"https:\/\/archive.sana.sy\/tr\/index.php?rest_route=\/wp\/v2\/posts\/325650","targetHints":{"allow":["GET"]}}],"collection":[{"href":"https:\/\/archive.sana.sy\/tr\/index.php?rest_route=\/wp\/v2\/posts"}],"about":[{"href":"https:\/\/archive.sana.sy\/tr\/index.php?rest_route=\/wp\/v2\/types\/post"}],"author":[{"embeddable":true,"href":"https:\/\/archive.sana.sy\/tr\/index.php?rest_route=\/wp\/v2\/users\/39"}],"replies":[{"embeddable":true,"href":"https:\/\/archive.sana.sy\/tr\/index.php?rest_route=%2Fwp%2Fv2%2Fcomments&post=325650"}],"version-history":[{"count":3,"href":"https:\/\/archive.sana.sy\/tr\/index.php?rest_route=\/wp\/v2\/posts\/325650\/revisions"}],"predecessor-version":[{"id":325684,"href":"https:\/\/archive.sana.sy\/tr\/index.php?rest_route=\/wp\/v2\/posts\/325650\/revisions\/325684"}],"wp:featuredmedia":[{"embeddable":true,"href":"https:\/\/archive.sana.sy\/tr\/index.php?rest_route=\/wp\/v2\/media\/325651"}],"wp:attachment":[{"href":"https:\/\/archive.sana.sy\/tr\/index.php?rest_route=%2Fwp%2Fv2%2Fmedia&parent=325650"}],"wp:term":[{"taxonomy":"category","embeddable":true,"href":"https:\/\/archive.sana.sy\/tr\/index.php?rest_route=%2Fwp%2Fv2%2Fcategories&post=325650"},{"taxonomy":"post_tag","embeddable":true,"href":"https:\/\/archive.sana.sy\/tr\/index.php?rest_route=%2Fwp%2Fv2%2Ftags&post=325650"}],"curies":[{"name":"wp","href":"https:\/\/api.w.org\/{rel}","templated":true}]}}