{"id":325658,"date":"2025-07-16T11:35:14","date_gmt":"2025-07-16T08:35:14","guid":{"rendered":"https:\/\/sana.sy\/tr\/?p=325658"},"modified":"2025-07-16T11:46:15","modified_gmt":"2025-07-16T08:46:15","slug":"misir-israilin-suriye-ve-lubnana-yonelik-tekrarlanan-saldirilarini-kinadi","status":"publish","type":"post","link":"https:\/\/archive.sana.sy\/tr\/?p=325658","title":{"rendered":"M\u0131s\u0131r, \u0130srail\u2019in Suriye ve L\u00fcbnan\u2019a Y\u00f6nelik Tekrarlanan Sald\u0131r\u0131lar\u0131n\u0131 K\u0131nad\u0131"},"content":{"rendered":"<p style=\"text-align: justify;\"><strong>KAH\u0130RE (SANA) &#8211; <\/strong>M\u0131s\u0131r, \u0130srail\u2019in Suriye ve L\u00fcbnan topraklar\u0131na y\u00f6nelik tekrarlanan sald\u0131r\u0131lar\u0131n\u0131 k\u0131nayarak, bu sald\u0131r\u0131lar\u0131n iki karde\u015f Arap \u00fclkesinin egemenli\u011fine y\u00f6nelik a\u00e7\u0131k bir ihlal ve uluslararas\u0131 hukuk ile ilgili Birle\u015fmi\u015f Milletler kararlar\u0131n\u0131n \u00e7i\u011fnenmesi anlam\u0131na geldi\u011fini vurgulad\u0131.<\/p>\n<p style=\"text-align: justify;\">M\u0131s\u0131r D\u0131\u015fi\u015fleri Bakanl\u0131\u011f\u0131, resmi internet sitesinde yay\u0131mlad\u0131\u011f\u0131 a\u00e7\u0131klamada, d\u00fc\u015fman \u0130srail\u2019in s\u00fcrekli ihlallerinin b\u00f6lgede gerilimin artmas\u0131na yol a\u00e7t\u0131\u011f\u0131n\u0131 ve Suriye, L\u00fcbnan ile genel olarak b\u00f6lgedeki istikrars\u0131zl\u0131\u011f\u0131n ba\u015fl\u0131ca unsurlar\u0131ndan biri oldu\u011funu ifade etti.<\/p>\n<p style=\"text-align: justify;\">A\u00e7\u0131klamada, bu hassas d\u00f6nemde ba\u015fta M\u0131s\u0131r olmak \u00fczere bir\u00e7ok b\u00f6lgesel ve uluslararas\u0131 taraf\u0131n gerginli\u011fi azaltmak, g\u00fcvenlik ve istikrar\u0131 desteklemek amac\u0131yla yo\u011fun \u00e7abalar\u0131n\u0131 s\u00fcrd\u00fcrd\u00fc\u011f\u00fc kaydedildi.<\/p>\n<p style=\"text-align: justify;\">D\u0131\u015fi\u015fleri Bakanl\u0131\u011f\u0131, M\u0131s\u0131r&#8217;\u0131n Suriye ve L\u00fcbnan&#8217;\u0131n egemenli\u011fine sayg\u0131 g\u00f6sterilmesi, i\u00e7i\u015flerine m\u00fcdahalenin tamamen reddedilmesi ve topraklar\u0131n\u0131n birli\u011fine ve b\u00fct\u00fcnl\u00fc\u011f\u00fcne sayg\u0131 g\u00f6sterilmesi y\u00f6n\u00fcndeki tutumunu yineledi.<\/p>\n","protected":false},"excerpt":{"rendered":"<p>KAH\u0130RE (SANA) &#8211; M\u0131s\u0131r, \u0130srail\u2019in Suriye ve L\u00fcbnan topraklar\u0131na y\u00f6nelik tekrarlanan sald\u0131r\u0131lar\u0131n\u0131 k\u0131nayarak, bu sald\u0131r\u0131lar\u0131n iki karde\u015f Arap \u00fclkesinin egemenli\u011fine y\u00f6nelik a\u00e7\u0131k bir ihlal ve uluslararas\u0131 hukuk ile ilgili Birle\u015fmi\u015f Milletler kararlar\u0131n\u0131n \u00e7i\u011fnenmesi anlam\u0131na geldi\u011fini vurgulad\u0131. M\u0131s\u0131r D\u0131\u015fi\u015fleri Bakanl\u0131\u011f\u0131, resmi internet sitesinde yay\u0131mlad\u0131\u011f\u0131 a\u00e7\u0131klamada, d\u00fc\u015fman \u0130srail\u2019in s\u00fcrekli ihlallerinin b\u00f6lgede gerilimin artmas\u0131na yol a\u00e7t\u0131\u011f\u0131n\u0131 ve Suriye, &hellip;<\/p>\n","protected":false},"author":39,"featured_media":325661,"comment_status":"closed","ping_status":"closed","sticky":false,"template":"","format":"standard","meta":{"footnotes":""},"categories":[458,589,459,17988],"tags":[],"class_list":["post-325658","post","type-post","status-publish","format-standard","has-post-thumbnail","","category-dunya1","category-haber-seridi","category-haberler-arap-uluslararasi-politika","category-son-haberler"],"_links":{"self":[{"href":"https:\/\/archive.sana.sy\/tr\/index.php?rest_route=\/wp\/v2\/posts\/325658","targetHints":{"allow":["GET"]}}],"collection":[{"href":"https:\/\/archive.sana.sy\/tr\/index.php?rest_route=\/wp\/v2\/posts"}],"about":[{"href":"https:\/\/archive.sana.sy\/tr\/index.php?rest_route=\/wp\/v2\/types\/post"}],"author":[{"embeddable":true,"href":"https:\/\/archive.sana.sy\/tr\/index.php?rest_route=\/wp\/v2\/users\/39"}],"replies":[{"embeddable":true,"href":"https:\/\/archive.sana.sy\/tr\/index.php?rest_route=%2Fwp%2Fv2%2Fcomments&post=325658"}],"version-history":[{"count":1,"href":"https:\/\/archive.sana.sy\/tr\/index.php?rest_route=\/wp\/v2\/posts\/325658\/revisions"}],"predecessor-version":[{"id":325660,"href":"https:\/\/archive.sana.sy\/tr\/index.php?rest_route=\/wp\/v2\/posts\/325658\/revisions\/325660"}],"wp:featuredmedia":[{"embeddable":true,"href":"https:\/\/archive.sana.sy\/tr\/index.php?rest_route=\/wp\/v2\/media\/325661"}],"wp:attachment":[{"href":"https:\/\/archive.sana.sy\/tr\/index.php?rest_route=%2Fwp%2Fv2%2Fmedia&parent=325658"}],"wp:term":[{"taxonomy":"category","embeddable":true,"href":"https:\/\/archive.sana.sy\/tr\/index.php?rest_route=%2Fwp%2Fv2%2Fcategories&post=325658"},{"taxonomy":"post_tag","embeddable":true,"href":"https:\/\/archive.sana.sy\/tr\/index.php?rest_route=%2Fwp%2Fv2%2Ftags&post=325658"}],"curies":[{"name":"wp","href":"https:\/\/api.w.org\/{rel}","templated":true}]}}