{"id":32567,"date":"2015-05-09T09:07:38","date_gmt":"2015-05-09T06:07:38","guid":{"rendered":"http:\/\/sana.sy\/tr\/?p=32567"},"modified":"2015-05-09T09:08:41","modified_gmt":"2015-05-09T06:08:41","slug":"semhani-iran-suriyede-tek-mesru-iktidar-olan-hukumeti-desteklemeyi-surduruyor","status":"publish","type":"post","link":"https:\/\/archive.sana.sy\/tr\/?p=32567","title":{"rendered":"\u015eemhani: \u0130ran Suriye&#8217;de Tek Me\u015fru \u0130ktidar Olan H\u00fck\u00fcmeti Desteklemeyi S\u00fcrd\u00fcr\u00fcyor"},"content":{"rendered":"<p>TAHRAN \u2013 \u0130ran Milli G\u00fcvenlik Y\u00fcksek Konsey Sekreteeri Ali \u015eemhani, \u00fclkesinin, Suriye&#8217;nin tek me\u015fru iktidar\u0131 olmas\u0131 itibariyle Suriye h\u00fck\u00fcmetini desteklemeye devam eti\u011fini yineleyerek Suriye&#8217;de bulunan silahl\u0131 ter\u00f6r gruplar\u0131na kar\u015f\u0131 m\u00fccadelede \u00e7abalar\u0131 birle\u015ftirme gere\u011fini vurgulad\u0131.<\/p>\n<p>\u015eemhani, d\u00fcn yapt\u0131\u011f\u0131 bas\u0131n a\u00e7\u0131klamas\u0131nda, \u0130ran \u0130slam Cumhuriyetinin, b\u00f6lgesel rekabetle ilgili Bat\u0131l\u0131 projelere aldanmayaca\u011f\u0131 gibi I\u015e\u0130D ter\u00f6r \u00f6rg\u00fct\u00fc ile m\u00fccadele edildi\u011fi y\u00f6n\u00fcndeki s\u00f6ylemlere de aldanmayaca\u011f\u0131n\u0131 \u00e7\u00fcnk\u00fc I\u015e\u0130D ter\u00f6r \u00f6rg\u00fct\u00fc ile m\u00fccadele ettiklerini iddia edenlerin I\u015e\u0130D\u2019in var olmas\u0131n\u0131 sa\u011flayanlar\u0131n kendileri oldu\u011funu vurgulad\u0131.<\/p>\n<p>Bilinece\u011fi \u00fczere \u0130ran Ba\u015fkan\u0131 Hasan Ruhani ge\u00e7ti\u011fimiz g\u00fcnlerde yapt\u0131\u011f\u0131 a\u00e7\u0131klama\u2019da \u0130ran\u2019\u0131n Suriye, Irak ve L\u00fcbnan\u2019\u0131n\u0131n yan\u0131 s\u0131ra ter\u00f6re kar\u015f\u0131 m\u00fccadele eden b\u00fct\u00fcn halklar\u0131 desteklemeye devam edece\u011fini ifade etmi\u015fti.<\/p>\n<p>F.B &#8211; S.\u015e<\/p>\n","protected":false},"excerpt":{"rendered":"<p>TAHRAN \u2013 \u0130ran Milli G\u00fcvenlik Y\u00fcksek Konsey Sekreteeri Ali \u015eemhani, \u00fclkesinin, Suriye&#8217;nin tek me\u015fru iktidar\u0131 olmas\u0131 itibariyle Suriye h\u00fck\u00fcmetini desteklemeye devam eti\u011fini yineleyerek Suriye&#8217;de bulunan silahl\u0131 ter\u00f6r gruplar\u0131na kar\u015f\u0131 m\u00fccadelede \u00e7abalar\u0131 birle\u015ftirme gere\u011fini vurgulad\u0131. \u015eemhani, d\u00fcn yapt\u0131\u011f\u0131 bas\u0131n a\u00e7\u0131klamas\u0131nda, \u0130ran \u0130slam Cumhuriyetinin, b\u00f6lgesel rekabetle ilgili Bat\u0131l\u0131 projelere aldanmayaca\u011f\u0131 gibi I\u015e\u0130D ter\u00f6r \u00f6rg\u00fct\u00fc ile m\u00fccadele edildi\u011fi &hellip;<\/p>\n","protected":false},"author":1,"featured_media":32568,"comment_status":"closed","ping_status":"closed","sticky":false,"template":"","format":"standard","meta":{"footnotes":""},"categories":[458,459,447],"tags":[14385],"class_list":["post-32567","post","type-post","status-publish","format-standard","has-post-thumbnail","","category-dunya1","category-haberler-arap-uluslararasi-politika","category-politika","tag-semhani-iran-suriyede-tek-mesru-iktidar-olan-hukumeti-desteklemeyi-surduruyor"],"_links":{"self":[{"href":"https:\/\/archive.sana.sy\/tr\/index.php?rest_route=\/wp\/v2\/posts\/32567","targetHints":{"allow":["GET"]}}],"collection":[{"href":"https:\/\/archive.sana.sy\/tr\/index.php?rest_route=\/wp\/v2\/posts"}],"about":[{"href":"https:\/\/archive.sana.sy\/tr\/index.php?rest_route=\/wp\/v2\/types\/post"}],"author":[{"embeddable":true,"href":"https:\/\/archive.sana.sy\/tr\/index.php?rest_route=\/wp\/v2\/users\/1"}],"replies":[{"embeddable":true,"href":"https:\/\/archive.sana.sy\/tr\/index.php?rest_route=%2Fwp%2Fv2%2Fcomments&post=32567"}],"version-history":[{"count":0,"href":"https:\/\/archive.sana.sy\/tr\/index.php?rest_route=\/wp\/v2\/posts\/32567\/revisions"}],"wp:featuredmedia":[{"embeddable":true,"href":"https:\/\/archive.sana.sy\/tr\/index.php?rest_route=\/wp\/v2\/media\/32568"}],"wp:attachment":[{"href":"https:\/\/archive.sana.sy\/tr\/index.php?rest_route=%2Fwp%2Fv2%2Fmedia&parent=32567"}],"wp:term":[{"taxonomy":"category","embeddable":true,"href":"https:\/\/archive.sana.sy\/tr\/index.php?rest_route=%2Fwp%2Fv2%2Fcategories&post=32567"},{"taxonomy":"post_tag","embeddable":true,"href":"https:\/\/archive.sana.sy\/tr\/index.php?rest_route=%2Fwp%2Fv2%2Ftags&post=32567"}],"curies":[{"name":"wp","href":"https:\/\/api.w.org\/{rel}","templated":true}]}}