{"id":325671,"date":"2025-07-16T13:53:53","date_gmt":"2025-07-16T10:53:53","guid":{"rendered":"https:\/\/sana.sy\/tr\/?p=325671"},"modified":"2025-07-16T14:03:10","modified_gmt":"2025-07-16T11:03:10","slug":"halk-meclisi-secimleri-yuksek-komitesi-selamiyh-kadmus-masyaf-ve-nehr-el-havabi-bolgelerinden-gelen-toplum-temsilcilerinden-olusan-bir-heyetle-bir-araya-geldi","status":"publish","type":"post","link":"https:\/\/archive.sana.sy\/tr\/?p=325671","title":{"rendered":"Halk Meclisi Se\u00e7imleri Y\u00fcksek Komitesi, Selamiyh, Kadmus, Masyaf Ve Nehr El Havabi B\u00f6lgelerinden Gelen Toplum Temsilcilerinden Olu\u015fan Bir Heyetle Bir Araya Geldi"},"content":{"rendered":"<p style=\"text-align: justify;\"><strong>\u015eAM (SANA) &#8211;<\/strong> SANA muhabiri: Halk Meclisi Se\u00e7imleri Y\u00fcksek Komitesi, \u015eam&#8217;daki Halk Meclisi binas\u0131nda Selamiye, Kadmus, Masyaf ve Nehr El Havabi b\u00f6lgelerinden gelen toplum temsilcilerinden olu\u015fan bir heyetle se\u00e7im sistemini g\u00f6r\u00fc\u015fmek ve g\u00f6r\u00fc\u015f ve \u00f6nerilerini dinlemek \u00fczere bir araya geldi.<\/p>\n","protected":false},"excerpt":{"rendered":"<p>\u015eAM (SANA) &#8211; SANA muhabiri: Halk Meclisi Se\u00e7imleri Y\u00fcksek Komitesi, \u015eam&#8217;daki Halk Meclisi binas\u0131nda Selamiye, Kadmus, Masyaf ve Nehr El Havabi b\u00f6lgelerinden gelen toplum temsilcilerinden olu\u015fan bir heyetle se\u00e7im sistemini g\u00f6r\u00fc\u015fmek ve g\u00f6r\u00fc\u015f ve \u00f6nerilerini dinlemek \u00fczere bir araya geldi.<\/p>\n","protected":false},"author":39,"featured_media":325673,"comment_status":"closed","ping_status":"closed","sticky":false,"template":"","format":"standard","meta":{"footnotes":""},"categories":[589,479,17988,478],"tags":[],"class_list":["post-325671","post","type-post","status-publish","format-standard","has-post-thumbnail","","category-haber-seridi","category-haberler-yerel","category-son-haberler","category-yerel"],"_links":{"self":[{"href":"https:\/\/archive.sana.sy\/tr\/index.php?rest_route=\/wp\/v2\/posts\/325671","targetHints":{"allow":["GET"]}}],"collection":[{"href":"https:\/\/archive.sana.sy\/tr\/index.php?rest_route=\/wp\/v2\/posts"}],"about":[{"href":"https:\/\/archive.sana.sy\/tr\/index.php?rest_route=\/wp\/v2\/types\/post"}],"author":[{"embeddable":true,"href":"https:\/\/archive.sana.sy\/tr\/index.php?rest_route=\/wp\/v2\/users\/39"}],"replies":[{"embeddable":true,"href":"https:\/\/archive.sana.sy\/tr\/index.php?rest_route=%2Fwp%2Fv2%2Fcomments&post=325671"}],"version-history":[{"count":2,"href":"https:\/\/archive.sana.sy\/tr\/index.php?rest_route=\/wp\/v2\/posts\/325671\/revisions"}],"predecessor-version":[{"id":325674,"href":"https:\/\/archive.sana.sy\/tr\/index.php?rest_route=\/wp\/v2\/posts\/325671\/revisions\/325674"}],"wp:featuredmedia":[{"embeddable":true,"href":"https:\/\/archive.sana.sy\/tr\/index.php?rest_route=\/wp\/v2\/media\/325673"}],"wp:attachment":[{"href":"https:\/\/archive.sana.sy\/tr\/index.php?rest_route=%2Fwp%2Fv2%2Fmedia&parent=325671"}],"wp:term":[{"taxonomy":"category","embeddable":true,"href":"https:\/\/archive.sana.sy\/tr\/index.php?rest_route=%2Fwp%2Fv2%2Fcategories&post=325671"},{"taxonomy":"post_tag","embeddable":true,"href":"https:\/\/archive.sana.sy\/tr\/index.php?rest_route=%2Fwp%2Fv2%2Ftags&post=325671"}],"curies":[{"name":"wp","href":"https:\/\/api.w.org\/{rel}","templated":true}]}}