{"id":325675,"date":"2025-07-16T14:18:08","date_gmt":"2025-07-16T11:18:08","guid":{"rendered":"https:\/\/sana.sy\/tr\/?p=325675"},"modified":"2025-07-17T08:24:31","modified_gmt":"2025-07-17T05:24:31","slug":"suriye-devleti-suveydada-halkimiza-yonelik-ihlalleri-kinadi-ve-sorumlulardan-hesap-sormayi-taahhut-etti","status":"publish","type":"post","link":"https:\/\/archive.sana.sy\/tr\/?p=325675","title":{"rendered":"Suriye Devleti, S\u00fcveyda&#8217;da Halk\u0131m\u0131za Y\u00f6nelik \u0130hlalleri K\u0131nad\u0131 Ve Sorumlulardan Hesap Sormay\u0131 Taahh\u00fct Etti"},"content":{"rendered":"<p style=\"text-align: justify;\"><span style=\"color: #ff0000;\"><strong>\u015eAM (SANA)<\/strong> <\/span>\u00a0&#8211; Suriye Arap Cumhuriyeti Cumhurba\u015fkanl\u0131\u011f\u0131, S\u00fcveyda&#8217;da halk\u0131m\u0131za y\u00f6nelik ihlalleri k\u0131nayan ve sorumlular\u0131n hesap verece\u011fini taahh\u00fct eden bir a\u00e7\u0131klama yay\u0131nlad\u0131.<\/p>\n<p style=\"text-align: justify;\">A\u00e7\u0131klaman\u0131n tam metni\u00a0 \u015f\u00f6yledir: &#8221;Suriye devleti, S\u00fcveyda Vilayeti&#8217;nin baz\u0131 b\u00f6lgelerinde son zamanlarda meydana gelen talihsiz ihlalleri b\u00fcy\u00fck bir ilgiyle takip etmektedir. Su\u00e7 te\u015fkil eden ve hukuka ayk\u0131r\u0131 bir davran\u0131\u015f olan bu eylemler hi\u00e7bir ko\u015fulda kabul edilemez olup, Suriye devletinin dayand\u0131\u011f\u0131 ilkelerle tamamen \u00e7eli\u015fmektedir.<\/p>\n<p style=\"text-align: justify;\">Suriye h\u00fck\u00fcmeti olarak, bu i\u011fren\u00e7 eylemleri \u015fiddetle k\u0131n\u0131yor ve ilgili t\u00fcm olaylar\u0131 soru\u015fturma ve olaya kar\u0131\u015ft\u0131\u011f\u0131 kan\u0131tlanan herkesi sorumlu tutma konusundaki tam kararl\u0131l\u0131\u011f\u0131m\u0131z\u0131 teyit ediyoruz. Bu eylemlerden sorumlu olan t\u00fcm taraflar, ister bireyler ister kanun d\u0131\u015f\u0131 \u00f6rg\u00fctler olsun, s\u0131k\u0131 bir yasal sorumlulu\u011fa tabi tutulacak ve cezas\u0131z kalmalar\u0131na izin vermeyece\u011fiz.<\/p>\n<p style=\"text-align: justify;\">Suriye devleti, liderli\u011fi ve te\u015fkilat\u0131 ile Suriye genelinde g\u00fcvenlik ve istikrar\u0131n korunmas\u0131na en b\u00fcy\u00fck \u00f6nceli\u011fi vermekte ve her durumda adaletin esas al\u0131nd\u0131\u011f\u0131n\u0131 teyit etmektedir. S\u00fcveyda halk\u0131m\u0131za, haklar\u0131n\u0131n her zaman korunaca\u011f\u0131n\u0131 ve hi\u00e7bir taraf\u0131n g\u00fcvenlik veya istikrarlar\u0131na m\u00fcdahale etmesine izin vermeyece\u011fimizi temin ederiz.&#8221;<\/p>\n","protected":false},"excerpt":{"rendered":"<p>\u015eAM (SANA) \u00a0&#8211; Suriye Arap Cumhuriyeti Cumhurba\u015fkanl\u0131\u011f\u0131, S\u00fcveyda&#8217;da halk\u0131m\u0131za y\u00f6nelik ihlalleri k\u0131nayan ve sorumlular\u0131n hesap verece\u011fini taahh\u00fct eden bir a\u00e7\u0131klama yay\u0131nlad\u0131. A\u00e7\u0131klaman\u0131n tam metni\u00a0 \u015f\u00f6yledir: &#8221;Suriye devleti, S\u00fcveyda Vilayeti&#8217;nin baz\u0131 b\u00f6lgelerinde son zamanlarda meydana gelen talihsiz ihlalleri b\u00fcy\u00fck bir ilgiyle takip etmektedir. Su\u00e7 te\u015fkil eden ve hukuka ayk\u0131r\u0131 bir davran\u0131\u015f olan bu eylemler hi\u00e7bir ko\u015fulda &hellip;<\/p>\n","protected":false},"author":39,"featured_media":325676,"comment_status":"closed","ping_status":"closed","sticky":false,"template":"","format":"standard","meta":{"footnotes":""},"categories":[479,17988,478],"tags":[],"class_list":["post-325675","post","type-post","status-publish","format-standard","has-post-thumbnail","","category-haberler-yerel","category-son-haberler","category-yerel"],"_links":{"self":[{"href":"https:\/\/archive.sana.sy\/tr\/index.php?rest_route=\/wp\/v2\/posts\/325675","targetHints":{"allow":["GET"]}}],"collection":[{"href":"https:\/\/archive.sana.sy\/tr\/index.php?rest_route=\/wp\/v2\/posts"}],"about":[{"href":"https:\/\/archive.sana.sy\/tr\/index.php?rest_route=\/wp\/v2\/types\/post"}],"author":[{"embeddable":true,"href":"https:\/\/archive.sana.sy\/tr\/index.php?rest_route=\/wp\/v2\/users\/39"}],"replies":[{"embeddable":true,"href":"https:\/\/archive.sana.sy\/tr\/index.php?rest_route=%2Fwp%2Fv2%2Fcomments&post=325675"}],"version-history":[{"count":3,"href":"https:\/\/archive.sana.sy\/tr\/index.php?rest_route=\/wp\/v2\/posts\/325675\/revisions"}],"predecessor-version":[{"id":325685,"href":"https:\/\/archive.sana.sy\/tr\/index.php?rest_route=\/wp\/v2\/posts\/325675\/revisions\/325685"}],"wp:featuredmedia":[{"embeddable":true,"href":"https:\/\/archive.sana.sy\/tr\/index.php?rest_route=\/wp\/v2\/media\/325676"}],"wp:attachment":[{"href":"https:\/\/archive.sana.sy\/tr\/index.php?rest_route=%2Fwp%2Fv2%2Fmedia&parent=325675"}],"wp:term":[{"taxonomy":"category","embeddable":true,"href":"https:\/\/archive.sana.sy\/tr\/index.php?rest_route=%2Fwp%2Fv2%2Fcategories&post=325675"},{"taxonomy":"post_tag","embeddable":true,"href":"https:\/\/archive.sana.sy\/tr\/index.php?rest_route=%2Fwp%2Fv2%2Ftags&post=325675"}],"curies":[{"name":"wp","href":"https:\/\/api.w.org\/{rel}","templated":true}]}}