{"id":325690,"date":"2025-07-16T15:55:32","date_gmt":"2025-07-16T12:55:32","guid":{"rendered":"https:\/\/sana.sy\/tr\/?p=325690"},"modified":"2025-07-19T09:11:58","modified_gmt":"2025-07-19T06:11:58","slug":"sana-muhabiri-israilin-baskent-sama-yonelik-yeni-bir-hava-saldirisi-duzenlendi","status":"publish","type":"post","link":"https:\/\/archive.sana.sy\/tr\/?p=325690","title":{"rendered":"SANA Muhabiri: \u0130srail&#8217;in Ba\u015fkent \u015eam&#8217;a Y\u00f6nelik Yeni Bir Hava Sald\u0131r\u0131s\u0131 D\u00fczenlendi"},"content":{"rendered":"<p style=\"text-align: justify;\"><strong><span style=\"color: #ff0000;\">\u015eAM (SANA)\u00a0\u00a0<\/span><\/strong><\/p>\n<p style=\"text-align: justify;\">&#x2796;SANA muhabiri: \u0130srail i\u015fgal u\u00e7aklar\u0131 ba\u015fkent \u015eam&#8217;\u0131 yeni bir sald\u0131r\u0131yla hedef ald\u0131.<\/p>\n<p style=\"text-align: justify;\">&#x2796;SANA muhabiri: \u0130srail i\u015fgal g\u00fc\u00e7leri ba\u015fkent \u015eam&#8217;\u0131 hava sald\u0131r\u0131lar\u0131yla yeniden hedef al\u0131yor.<\/p>\n<p style=\"text-align: justify;\">&#x2796;SANA muhabiri: \u0130srail&#8217;in ba\u015fkent \u015eam&#8217;\u0131 hedef alan hava sald\u0131r\u0131lar\u0131 sonucunda \u00e7ok say\u0131da ki\u015fi yaraland\u0131.<\/p>\n<p style=\"text-align: justify;\">&#x2796;Sa\u011fl\u0131k Bakanl\u0131\u011f\u0131&#8217;n\u0131n medya ofisi SANA&#8217;ya yapt\u0131\u011f\u0131 a\u00e7\u0131klamada, \u0130srail&#8217;in \u015eam&#8217;\u0131n merkezini hedef alan hava sald\u0131r\u0131s\u0131nda ilk belirlemelere g\u00f6re 9 ki\u015finin yaraland\u0131\u011f\u0131n\u0131 bildirdi.<\/p>\n<p style=\"text-align: justify;\">&#x2796;Sa\u011fl\u0131k Bakanl\u0131\u011f\u0131 Bas\u0131n B\u00fcrosu SANA&#8217;ya \u015funlar\u0131 s\u00f6yledi: \u0130srail&#8217;in \u015eam&#8217;a d\u00fczenledi\u011fi hava sald\u0131r\u0131lar\u0131 sonucu yaral\u0131 say\u0131s\u0131 13&#8217;e y\u00fckseldi.<\/p>\n","protected":false},"excerpt":{"rendered":"<p>\u015eAM (SANA)\u00a0\u00a0 &#x2796;SANA muhabiri: \u0130srail i\u015fgal u\u00e7aklar\u0131 ba\u015fkent \u015eam&#8217;\u0131 yeni bir sald\u0131r\u0131yla hedef ald\u0131. &#x2796;SANA muhabiri: \u0130srail i\u015fgal g\u00fc\u00e7leri ba\u015fkent \u015eam&#8217;\u0131 hava sald\u0131r\u0131lar\u0131yla yeniden hedef al\u0131yor. &#x2796;SANA muhabiri: \u0130srail&#8217;in ba\u015fkent \u015eam&#8217;\u0131 hedef alan hava sald\u0131r\u0131lar\u0131 sonucunda \u00e7ok say\u0131da ki\u015fi yaraland\u0131. &#x2796;Sa\u011fl\u0131k Bakanl\u0131\u011f\u0131&#8217;n\u0131n medya ofisi SANA&#8217;ya yapt\u0131\u011f\u0131 a\u00e7\u0131klamada, \u0130srail&#8217;in \u015eam&#8217;\u0131n merkezini hedef alan hava sald\u0131r\u0131s\u0131nda ilk &hellip;<\/p>\n","protected":false},"author":41,"featured_media":325691,"comment_status":"closed","ping_status":"closed","sticky":false,"template":"","format":"standard","meta":{"footnotes":""},"categories":[479,478],"tags":[],"class_list":["post-325690","post","type-post","status-publish","format-standard","has-post-thumbnail","","category-haberler-yerel","category-yerel"],"_links":{"self":[{"href":"https:\/\/archive.sana.sy\/tr\/index.php?rest_route=\/wp\/v2\/posts\/325690","targetHints":{"allow":["GET"]}}],"collection":[{"href":"https:\/\/archive.sana.sy\/tr\/index.php?rest_route=\/wp\/v2\/posts"}],"about":[{"href":"https:\/\/archive.sana.sy\/tr\/index.php?rest_route=\/wp\/v2\/types\/post"}],"author":[{"embeddable":true,"href":"https:\/\/archive.sana.sy\/tr\/index.php?rest_route=\/wp\/v2\/users\/41"}],"replies":[{"embeddable":true,"href":"https:\/\/archive.sana.sy\/tr\/index.php?rest_route=%2Fwp%2Fv2%2Fcomments&post=325690"}],"version-history":[{"count":3,"href":"https:\/\/archive.sana.sy\/tr\/index.php?rest_route=\/wp\/v2\/posts\/325690\/revisions"}],"predecessor-version":[{"id":325694,"href":"https:\/\/archive.sana.sy\/tr\/index.php?rest_route=\/wp\/v2\/posts\/325690\/revisions\/325694"}],"wp:featuredmedia":[{"embeddable":true,"href":"https:\/\/archive.sana.sy\/tr\/index.php?rest_route=\/wp\/v2\/media\/325691"}],"wp:attachment":[{"href":"https:\/\/archive.sana.sy\/tr\/index.php?rest_route=%2Fwp%2Fv2%2Fmedia&parent=325690"}],"wp:term":[{"taxonomy":"category","embeddable":true,"href":"https:\/\/archive.sana.sy\/tr\/index.php?rest_route=%2Fwp%2Fv2%2Fcategories&post=325690"},{"taxonomy":"post_tag","embeddable":true,"href":"https:\/\/archive.sana.sy\/tr\/index.php?rest_route=%2Fwp%2Fv2%2Ftags&post=325690"}],"curies":[{"name":"wp","href":"https:\/\/api.w.org\/{rel}","templated":true}]}}