{"id":325699,"date":"2025-07-16T18:52:32","date_gmt":"2025-07-16T15:52:32","guid":{"rendered":"https:\/\/sana.sy\/tr\/?p=325699"},"modified":"2025-07-16T18:53:26","modified_gmt":"2025-07-16T15:53:26","slug":"bae-suveydada-ateskesi-memnuniyetle-karsiladi-israilin-suriyedeki-gerginligi-tirmandirmasini-kinadi","status":"publish","type":"post","link":"https:\/\/archive.sana.sy\/tr\/?p=325699","title":{"rendered":"BAE, \u0130srail&#8217;in Suriye&#8217;deki Gerginli\u011fi T\u0131rmand\u0131rmas\u0131n\u0131 K\u0131nad\u0131"},"content":{"rendered":"<p style=\"text-align: justify;\"><span style=\"color: #ff0000;\"><strong>ABU DAB\u0130 (SANA)<\/strong> <\/span>&#8211; BAE, Suriye&#8217;nin g\u00fcneyindeki S\u00fcveyda Valili\u011fi&#8217;nde ilan edilen ate\u015fkesi memnuniyetle kar\u015f\u0131lad\u0131 ve gerginli\u011fin azalt\u0131lmas\u0131n\u0131n, sivillerin korunmas\u0131n\u0131n ve b\u00f6lgede g\u00fcvenlik ve istikrar\u0131n yeniden sa\u011flanmas\u0131 \u00e7abalar\u0131n\u0131n desteklenmesinin \u00f6nemini vurgulad\u0131.<\/p>\n<p style=\"text-align: justify;\">WAM haber ajans\u0131n\u0131n bildirdi\u011fine g\u00f6re, BAE D\u0131\u015fi\u015fleri ve Uluslararas\u0131 \u0130\u015fbirli\u011fi Bakanl\u0131\u011f\u0131 taraf\u0131ndan yap\u0131lan a\u00e7\u0131klamada, BAE, g\u00fcney Suriye&#8217;deki tehlikeli gerginli\u011fi \u015fiddetle k\u0131nad\u0131 ve \u0130srail&#8217;in b\u00f6lgeye y\u00f6nelik sald\u0131r\u0131lar\u0131n\u0131 \u015fiddetle k\u0131nayarak,\u00a0 Suriye&#8217;nin egemenli\u011finin ihlal edilmesini ve g\u00fcvenlik ve istikrar\u0131na y\u00f6nelik tehdidi kesinlikle reddetti\u011fini belirtti.<\/p>\n<p style=\"text-align: justify;\">BAE D\u0131\u015fi\u015fleri Bakanl\u0131\u011f\u0131, BAE&#8217;nin Suriye&#8217;nin t\u00fcm topraklar\u0131 \u00fczerindeki istikrar\u0131n\u0131 ve egemenli\u011fini destekleme konusundaki sars\u0131lmaz duru\u015funu, karde\u015f Suriye halk\u0131na verdi\u011fi deste\u011fi ve g\u00fcvenlik, bar\u0131\u015f, onurlu bir ya\u015fam, bar\u0131\u015f i\u00e7inde bir arada ya\u015fama ve kalk\u0131nma \u00f6zlemlerini ger\u00e7ekle\u015ftirmeyi ama\u00e7layan t\u00fcm \u00e7abalara verdi\u011fi deste\u011fi yineledi.<\/p>\n","protected":false},"excerpt":{"rendered":"<p>ABU DAB\u0130 (SANA) &#8211; BAE, Suriye&#8217;nin g\u00fcneyindeki S\u00fcveyda Valili\u011fi&#8217;nde ilan edilen ate\u015fkesi memnuniyetle kar\u015f\u0131lad\u0131 ve gerginli\u011fin azalt\u0131lmas\u0131n\u0131n, sivillerin korunmas\u0131n\u0131n ve b\u00f6lgede g\u00fcvenlik ve istikrar\u0131n yeniden sa\u011flanmas\u0131 \u00e7abalar\u0131n\u0131n desteklenmesinin \u00f6nemini vurgulad\u0131. WAM haber ajans\u0131n\u0131n bildirdi\u011fine g\u00f6re, BAE D\u0131\u015fi\u015fleri ve Uluslararas\u0131 \u0130\u015fbirli\u011fi Bakanl\u0131\u011f\u0131 taraf\u0131ndan yap\u0131lan a\u00e7\u0131klamada, BAE, g\u00fcney Suriye&#8217;deki tehlikeli gerginli\u011fi \u015fiddetle k\u0131nad\u0131 ve \u0130srail&#8217;in b\u00f6lgeye y\u00f6nelik &hellip;<\/p>\n","protected":false},"author":41,"featured_media":325700,"comment_status":"closed","ping_status":"closed","sticky":false,"template":"","format":"standard","meta":{"footnotes":""},"categories":[458,589,459,17988],"tags":[],"class_list":["post-325699","post","type-post","status-publish","format-standard","has-post-thumbnail","","category-dunya1","category-haber-seridi","category-haberler-arap-uluslararasi-politika","category-son-haberler"],"_links":{"self":[{"href":"https:\/\/archive.sana.sy\/tr\/index.php?rest_route=\/wp\/v2\/posts\/325699","targetHints":{"allow":["GET"]}}],"collection":[{"href":"https:\/\/archive.sana.sy\/tr\/index.php?rest_route=\/wp\/v2\/posts"}],"about":[{"href":"https:\/\/archive.sana.sy\/tr\/index.php?rest_route=\/wp\/v2\/types\/post"}],"author":[{"embeddable":true,"href":"https:\/\/archive.sana.sy\/tr\/index.php?rest_route=\/wp\/v2\/users\/41"}],"replies":[{"embeddable":true,"href":"https:\/\/archive.sana.sy\/tr\/index.php?rest_route=%2Fwp%2Fv2%2Fcomments&post=325699"}],"version-history":[{"count":2,"href":"https:\/\/archive.sana.sy\/tr\/index.php?rest_route=\/wp\/v2\/posts\/325699\/revisions"}],"predecessor-version":[{"id":325702,"href":"https:\/\/archive.sana.sy\/tr\/index.php?rest_route=\/wp\/v2\/posts\/325699\/revisions\/325702"}],"wp:featuredmedia":[{"embeddable":true,"href":"https:\/\/archive.sana.sy\/tr\/index.php?rest_route=\/wp\/v2\/media\/325700"}],"wp:attachment":[{"href":"https:\/\/archive.sana.sy\/tr\/index.php?rest_route=%2Fwp%2Fv2%2Fmedia&parent=325699"}],"wp:term":[{"taxonomy":"category","embeddable":true,"href":"https:\/\/archive.sana.sy\/tr\/index.php?rest_route=%2Fwp%2Fv2%2Fcategories&post=325699"},{"taxonomy":"post_tag","embeddable":true,"href":"https:\/\/archive.sana.sy\/tr\/index.php?rest_route=%2Fwp%2Fv2%2Ftags&post=325699"}],"curies":[{"name":"wp","href":"https:\/\/api.w.org\/{rel}","templated":true}]}}