{"id":325703,"date":"2025-07-16T19:01:12","date_gmt":"2025-07-16T16:01:12","guid":{"rendered":"https:\/\/sana.sy\/tr\/?p=325703"},"modified":"2025-07-16T19:01:12","modified_gmt":"2025-07-16T16:01:12","slug":"arap-birligi-israilin-suriyeye-yonelik-hava-saldirilarini-siddetle-kinadi","status":"publish","type":"post","link":"https:\/\/archive.sana.sy\/tr\/?p=325703","title":{"rendered":"Arap Birli\u011fi, \u0130srail\u2019in Suriye\u2019ye Y\u00f6nelik Hava Sald\u0131r\u0131lar\u0131n\u0131 \u015eiddetle K\u0131nad\u0131"},"content":{"rendered":"<p style=\"text-align: justify;\" data-start=\"208\" data-end=\"328\"><span style=\"color: #ff0000;\"><b>KAH\u0130RE (SANA)<\/b> <\/span>&#8211; Arap Birli\u011fi Genel Sekreterli\u011fi, \u0130srail\u2019in Suriye topraklar\u0131na d\u00fczenledi\u011fi hava sald\u0131r\u0131lar\u0131n\u0131 en sert ifadelerle k\u0131nad\u0131.<\/p>\n<p style=\"text-align: justify;\" data-start=\"330\" data-end=\"660\">El-Ahram Portal\u0131\u2019n\u0131n aktard\u0131\u011f\u0131na g\u00f6re Genel Sekreterlik, bug\u00fcn yay\u0131mlad\u0131\u011f\u0131 a\u00e7\u0131klamada, s\u00f6z konusu sald\u0131r\u0131lar\u0131n, Birle\u015fmi\u015f Milletler ve Arap Birli\u011fi\u2019ne \u00fcye olan egemen bir Arap devletine y\u00f6nelik a\u00e7\u0131k bir ihlal niteli\u011finde oldu\u011funu ve bunun uluslararas\u0131 hukuka ve k\u00fcresel d\u00fczene kar\u015f\u0131 a\u00e7\u0131k bir sayg\u0131s\u0131zl\u0131k te\u015fkil etti\u011fini vurgulad\u0131.<\/p>\n<p style=\"text-align: justify;\" data-start=\"662\" data-end=\"894\">A\u00e7\u0131klamada, \u0130srail\u2019in bu t\u00fcr sald\u0131r\u0131larla \u201czorbal\u0131k\u201d sergiledi\u011fi ve bu durumun ne b\u00f6lgesel ne de uluslararas\u0131 toplum taraf\u0131ndan kabul edilmesinin m\u00fcmk\u00fcn olmad\u0131\u011f\u0131 ifade edilerek, sald\u0131r\u0131lar\u0131n derhal durdurulmas\u0131 gerekti\u011fi belirtildi.<\/p>\n<p style=\"text-align: justify;\" data-start=\"896\" data-end=\"1214\">Genel Sekreterlik ayr\u0131ca, \u0130srail\u2019in son d\u00f6nemde S\u00fcveyda vilayetinde ya\u015fanan baz\u0131 olaylar\u0131 istismar ederek Suriye\u2019de kaos yaratmay\u0131 hedefledi\u011fine dikkat \u00e7ekti. A\u00e7\u0131klamada, Suriye makamlar\u0131n\u0131n da bu olaylar\u0131 &#8220;\u00e7irkin eylemler&#8221; olarak nitelendirdi\u011fi ve sorumlular\u0131n adalet \u00f6n\u00fcne \u00e7\u0131kar\u0131laca\u011f\u0131n\u0131 taahh\u00fct etti\u011fi hat\u0131rlat\u0131ld\u0131.<\/p>\n<p style=\"text-align: justify;\" data-start=\"1216\" data-end=\"1516\">Arap Birli\u011fi, sald\u0131r\u0131lar kar\u015f\u0131s\u0131nda Suriye ile tam dayan\u0131\u015fma i\u00e7inde oldu\u011funu bildirerek, Suriye h\u00fck\u00fcmetine mevcut gerginlikleri diyalog yoluyla gidermeye, fitneyi \u00f6nlemeye ve t\u00fcm toplumsal kesimleri ulusal bir \u00e7at\u0131 alt\u0131nda bir araya getirmeye y\u00f6nelik h\u0131zl\u0131 ve kararl\u0131 ad\u0131mlar atma \u00e7a\u011fr\u0131s\u0131nda bulundu.<\/p>\n","protected":false},"excerpt":{"rendered":"<p>KAH\u0130RE (SANA) &#8211; Arap Birli\u011fi Genel Sekreterli\u011fi, \u0130srail\u2019in Suriye topraklar\u0131na d\u00fczenledi\u011fi hava sald\u0131r\u0131lar\u0131n\u0131 en sert ifadelerle k\u0131nad\u0131. El-Ahram Portal\u0131\u2019n\u0131n aktard\u0131\u011f\u0131na g\u00f6re Genel Sekreterlik, bug\u00fcn yay\u0131mlad\u0131\u011f\u0131 a\u00e7\u0131klamada, s\u00f6z konusu sald\u0131r\u0131lar\u0131n, Birle\u015fmi\u015f Milletler ve Arap Birli\u011fi\u2019ne \u00fcye olan egemen bir Arap devletine y\u00f6nelik a\u00e7\u0131k bir ihlal niteli\u011finde oldu\u011funu ve bunun uluslararas\u0131 hukuka ve k\u00fcresel d\u00fczene kar\u015f\u0131 a\u00e7\u0131k &hellip;<\/p>\n","protected":false},"author":41,"featured_media":325704,"comment_status":"closed","ping_status":"closed","sticky":false,"template":"","format":"standard","meta":{"footnotes":""},"categories":[458,589,459,17988],"tags":[],"class_list":["post-325703","post","type-post","status-publish","format-standard","has-post-thumbnail","","category-dunya1","category-haber-seridi","category-haberler-arap-uluslararasi-politika","category-son-haberler"],"_links":{"self":[{"href":"https:\/\/archive.sana.sy\/tr\/index.php?rest_route=\/wp\/v2\/posts\/325703","targetHints":{"allow":["GET"]}}],"collection":[{"href":"https:\/\/archive.sana.sy\/tr\/index.php?rest_route=\/wp\/v2\/posts"}],"about":[{"href":"https:\/\/archive.sana.sy\/tr\/index.php?rest_route=\/wp\/v2\/types\/post"}],"author":[{"embeddable":true,"href":"https:\/\/archive.sana.sy\/tr\/index.php?rest_route=\/wp\/v2\/users\/41"}],"replies":[{"embeddable":true,"href":"https:\/\/archive.sana.sy\/tr\/index.php?rest_route=%2Fwp%2Fv2%2Fcomments&post=325703"}],"version-history":[{"count":1,"href":"https:\/\/archive.sana.sy\/tr\/index.php?rest_route=\/wp\/v2\/posts\/325703\/revisions"}],"predecessor-version":[{"id":325705,"href":"https:\/\/archive.sana.sy\/tr\/index.php?rest_route=\/wp\/v2\/posts\/325703\/revisions\/325705"}],"wp:featuredmedia":[{"embeddable":true,"href":"https:\/\/archive.sana.sy\/tr\/index.php?rest_route=\/wp\/v2\/media\/325704"}],"wp:attachment":[{"href":"https:\/\/archive.sana.sy\/tr\/index.php?rest_route=%2Fwp%2Fv2%2Fmedia&parent=325703"}],"wp:term":[{"taxonomy":"category","embeddable":true,"href":"https:\/\/archive.sana.sy\/tr\/index.php?rest_route=%2Fwp%2Fv2%2Fcategories&post=325703"},{"taxonomy":"post_tag","embeddable":true,"href":"https:\/\/archive.sana.sy\/tr\/index.php?rest_route=%2Fwp%2Fv2%2Ftags&post=325703"}],"curies":[{"name":"wp","href":"https:\/\/api.w.org\/{rel}","templated":true}]}}