{"id":325706,"date":"2025-07-16T19:49:05","date_gmt":"2025-07-16T16:49:05","guid":{"rendered":"https:\/\/sana.sy\/tr\/?p=325706"},"modified":"2025-07-17T08:26:30","modified_gmt":"2025-07-17T05:26:30","slug":"disisleri-bakanligindan-israilin-devlet-kurumlarini-hedef-almasi-ve-suriyenin-egemenligine-yonelik-saldirisina-iliskin-aciklama","status":"publish","type":"post","link":"https:\/\/archive.sana.sy\/tr\/?p=325706","title":{"rendered":"D\u0131\u015fi\u015fleri Bakanl\u0131\u011f\u0131\u2019ndan \u0130srail&#8217;in Devlet Kurumlar\u0131n\u0131 Hedef Almas\u0131 Ve Suriye&#8217;nin Egemenli\u011fine Y\u00f6nelik Sald\u0131r\u0131s\u0131na \u0130li\u015fkin A\u00e7\u0131klama"},"content":{"rendered":"<p style=\"text-align: justify;\"><span style=\"color: #ff0000;\"><strong>\u015eAM (SANA)<\/strong> <\/span>\u2013 D\u0131\u015fi\u015fleri ve Gurbet\u00e7iler Bakanl\u0131\u011f\u0131, \u0130srail&#8217;in devlet kurumlar\u0131n\u0131 hedef almas\u0131 ve Suriye&#8217;nin egemenli\u011fine y\u00f6nelik sald\u0131r\u0131s\u0131na ili\u015fkin a\u00e7\u0131klama yapt\u0131.<\/p>\n<p style=\"text-align: justify;\"><span style=\"color: #0000ff;\"><strong>A\u00e7\u0131klamada \u015fu ifadelere yer verildi:<\/strong><\/span> \u2018\u2019Suriye Arap Cumhuriyeti, bug\u00fcn ba\u015fkent \u015eam ve S\u00fcveyda vilayetindeki h\u00fck\u00fcmet kurumlar\u0131n\u0131 ve sivil tesisleri hedef alan ve \u00e7ok say\u0131da masum \u015fehidin \u00f6l\u00fcm\u00fcne, aralar\u0131nda kad\u0131nlar\u0131n ve \u00e7ocuklar\u0131n da bulundu\u011fu onlarca sivilin yaralanmas\u0131na ve altyap\u0131 ile kamu tesislerine a\u011f\u0131r hasar verilmesine yol a\u00e7an hain \u0130srail sald\u0131r\u0131s\u0131n\u0131 en g\u00fc\u00e7l\u00fc \u015fekilde k\u0131n\u0131yor.<\/p>\n<p style=\"text-align: justify;\">\u0130srail y\u00f6netiminin Suriye&#8217;de gerginli\u011fi t\u0131rmand\u0131rmak, kaos yaratmak ve g\u00fcvenlik ve emniyeti baltalamak i\u00e7in izledi\u011fi sistematik politikan\u0131n bir par\u00e7as\u0131 olan bu a\u00e7\u0131k sald\u0131r\u0131, Birle\u015fmi\u015f Milletler \u015eart\u0131&#8217;n\u0131n ve uluslararas\u0131 insanc\u0131l hukukun a\u00e7\u0131k bir ihlalidir.<\/p>\n<p style=\"text-align: justify;\">Suriye, bu tehlikeli t\u0131rman\u0131\u015ftan ve bunun sonu\u00e7lar\u0131ndan \u0130srail&#8217;i tamamen sorumlu tutar ve uluslararas\u0131 hukukun garanti alt\u0131na ald\u0131\u011f\u0131 t\u00fcm yollarla topraklar\u0131n\u0131 ve halk\u0131n\u0131 savunma konusundaki t\u00fcm me\u015fru haklar\u0131n\u0131 koruyaca\u011f\u0131n\u0131 teyit eder.<\/p>\n<p style=\"text-align: justify;\">Suriye D\u0131\u015fi\u015fleri Bakanl\u0131\u011f\u0131 ayr\u0131ca uluslararas\u0131 toplumu, \u00f6zellikle G\u00fcvenlik Konseyi&#8217;ni, sorumluluk almaya ve egemen bir devlet ve Birle\u015fmi\u015f Milletler \u00fcyesi bir \u00fclkenin topraklar\u0131na y\u00f6nelik \u0130srail&#8217;in tekrarlanan sald\u0131rganl\u0131\u011f\u0131na son vermek i\u00e7in acil ve somut \u00f6nlemler almaya \u00e7a\u011f\u0131rmaktad\u0131r.\u2019\u2019<\/p>\n","protected":false},"excerpt":{"rendered":"<p>\u015eAM (SANA) \u2013 D\u0131\u015fi\u015fleri ve Gurbet\u00e7iler Bakanl\u0131\u011f\u0131, \u0130srail&#8217;in devlet kurumlar\u0131n\u0131 hedef almas\u0131 ve Suriye&#8217;nin egemenli\u011fine y\u00f6nelik sald\u0131r\u0131s\u0131na ili\u015fkin a\u00e7\u0131klama yapt\u0131. A\u00e7\u0131klamada \u015fu ifadelere yer verildi: \u2018\u2019Suriye Arap Cumhuriyeti, bug\u00fcn ba\u015fkent \u015eam ve S\u00fcveyda vilayetindeki h\u00fck\u00fcmet kurumlar\u0131n\u0131 ve sivil tesisleri hedef alan ve \u00e7ok say\u0131da masum \u015fehidin \u00f6l\u00fcm\u00fcne, aralar\u0131nda kad\u0131nlar\u0131n ve \u00e7ocuklar\u0131n da bulundu\u011fu onlarca sivilin &hellip;<\/p>\n","protected":false},"author":41,"featured_media":325709,"comment_status":"closed","ping_status":"closed","sticky":false,"template":"","format":"standard","meta":{"footnotes":""},"categories":[479,17988,478],"tags":[],"class_list":["post-325706","post","type-post","status-publish","format-standard","has-post-thumbnail","","category-haberler-yerel","category-son-haberler","category-yerel"],"_links":{"self":[{"href":"https:\/\/archive.sana.sy\/tr\/index.php?rest_route=\/wp\/v2\/posts\/325706","targetHints":{"allow":["GET"]}}],"collection":[{"href":"https:\/\/archive.sana.sy\/tr\/index.php?rest_route=\/wp\/v2\/posts"}],"about":[{"href":"https:\/\/archive.sana.sy\/tr\/index.php?rest_route=\/wp\/v2\/types\/post"}],"author":[{"embeddable":true,"href":"https:\/\/archive.sana.sy\/tr\/index.php?rest_route=\/wp\/v2\/users\/41"}],"replies":[{"embeddable":true,"href":"https:\/\/archive.sana.sy\/tr\/index.php?rest_route=%2Fwp%2Fv2%2Fcomments&post=325706"}],"version-history":[{"count":1,"href":"https:\/\/archive.sana.sy\/tr\/index.php?rest_route=\/wp\/v2\/posts\/325706\/revisions"}],"predecessor-version":[{"id":325708,"href":"https:\/\/archive.sana.sy\/tr\/index.php?rest_route=\/wp\/v2\/posts\/325706\/revisions\/325708"}],"wp:featuredmedia":[{"embeddable":true,"href":"https:\/\/archive.sana.sy\/tr\/index.php?rest_route=\/wp\/v2\/media\/325709"}],"wp:attachment":[{"href":"https:\/\/archive.sana.sy\/tr\/index.php?rest_route=%2Fwp%2Fv2%2Fmedia&parent=325706"}],"wp:term":[{"taxonomy":"category","embeddable":true,"href":"https:\/\/archive.sana.sy\/tr\/index.php?rest_route=%2Fwp%2Fv2%2Fcategories&post=325706"},{"taxonomy":"post_tag","embeddable":true,"href":"https:\/\/archive.sana.sy\/tr\/index.php?rest_route=%2Fwp%2Fv2%2Ftags&post=325706"}],"curies":[{"name":"wp","href":"https:\/\/api.w.org\/{rel}","templated":true}]}}