{"id":325710,"date":"2025-07-16T20:03:13","date_gmt":"2025-07-16T17:03:13","guid":{"rendered":"https:\/\/sana.sy\/tr\/?p=325710"},"modified":"2025-07-16T20:03:13","modified_gmt":"2025-07-16T17:03:13","slug":"irak-israilin-sami-bombalamasini-siddetle-kinadi","status":"publish","type":"post","link":"https:\/\/archive.sana.sy\/tr\/?p=325710","title":{"rendered":"Irak, \u0130srail&#8217;in \u015eam&#8217;\u0131 Bombalamas\u0131n\u0131 \u015eiddetle K\u0131nad\u0131"},"content":{"rendered":"<p style=\"text-align: justify;\"><span style=\"color: #ff0000;\"><strong>BA\u011eDAT (SANA)<\/strong><\/span> &#8211;\u00a0 Irak D\u0131\u015fi\u015fleri Bakanl\u0131\u011f\u0131 bug\u00fcn, \u0130srail&#8217;in \u015eam&#8217;\u0131 bombalamas\u0131n\u0131 \u015fiddetle k\u0131nayarak, bunun uluslararas\u0131 hukuk ve me\u015fruiyetin a\u00e7\u0131k bir ihlali oldu\u011funu vurgulad\u0131.<\/p>\n<p style=\"text-align: justify;\">Irak D\u0131\u015fi\u015fleri Bakanl\u0131\u011f\u0131, \u0130srail taraf\u0131ndan Suriye&#8217;nin ba\u015fkenti \u015eam&#8217;\u0131 hedef alan ve uluslararas\u0131 hukuk h\u00fck\u00fcmlerini ve uluslararas\u0131 me\u015fruiyet kararlar\u0131n\u0131 a\u00e7\u0131k ve tekrar tekrar ihlal eden bombalamay\u0131 Irak Cumhuriyeti&#8217;nin \u015fiddetle k\u0131nad\u0131\u011f\u0131n\u0131 ifade etti.<\/p>\n<p style=\"text-align: justify;\">Bakanl\u0131k yapt\u0131\u011f\u0131 a\u00e7\u0131klamada, &#8220;Suriyeli sivillerin hayatlar\u0131n\u0131 tehlikeye atmay\u0131 ve insani ac\u0131lar\u0131n\u0131 daha da k\u00f6t\u00fcle\u015ftirmeyi tamamen reddetti\u011fini&#8221; belirterek, &#8220;b\u00f6lgenin g\u00fcvenli\u011fi ve istikrar\u0131 i\u00e7in do\u011frudan bir tehdit olu\u015fturdu\u011fu i\u00e7in, gerilimin t\u0131rmanmas\u0131n\u0131n durdurulmas\u0131 gerekti\u011fini&#8221; vurgulad\u0131.<\/p>\n<p style=\"text-align: justify;\">Bakanl\u0131k ayr\u0131ca, Irak&#8217;\u0131n devletlerin egemenli\u011fini ihlal eden her t\u00fcrl\u00fc sald\u0131r\u0131y\u0131 reddeden kararl\u0131 tutumunu yineleyerek, \u0130srail varl\u0131\u011f\u0131n\u0131n b\u00f6lgedeki istikrar\u0131 baltalayan yay\u0131lmac\u0131 hedeflere ula\u015fmak i\u00e7in bahanelere veya gerek\u00e7elere ba\u015fvurmas\u0131 tehlikesi konusunda uyard\u0131.<\/p>\n<p style=\"text-align: justify;\">Bakanl\u0131k a\u00e7\u0131klamas\u0131nda da, Suriye halk\u0131n\u0131n t\u00fcm unsurlar\u0131n\u0131n haklar\u0131n\u0131n korunmas\u0131n\u0131n, onurlar\u0131n\u0131n korunmas\u0131n\u0131n ve Suriye&#8217;nin kar\u015f\u0131 kar\u015f\u0131ya oldu\u011fu zorlu insani ko\u015fullar \u0131\u015f\u0131\u011f\u0131nda g\u00fcvenliklerinin sa\u011flanmas\u0131n\u0131n \u00f6nemini vurgulayarak,\u00a0 \u015eam&#8217;daki Suriye y\u00f6netimi ile \u00e7e\u015fitli Suriye topluluklar\u0131n\u0131n temsilcileri aras\u0131nda ger\u00e7ek bir ulusal diyalog ba\u015flat\u0131lmas\u0131, insan haklar\u0131n\u0131n geli\u015ftirilmesi ve toplumsal uyumun sa\u011flanmas\u0131 gerekti\u011fini vurgulad\u0131.<\/p>\n","protected":false},"excerpt":{"rendered":"<p>BA\u011eDAT (SANA) &#8211;\u00a0 Irak D\u0131\u015fi\u015fleri Bakanl\u0131\u011f\u0131 bug\u00fcn, \u0130srail&#8217;in \u015eam&#8217;\u0131 bombalamas\u0131n\u0131 \u015fiddetle k\u0131nayarak, bunun uluslararas\u0131 hukuk ve me\u015fruiyetin a\u00e7\u0131k bir ihlali oldu\u011funu vurgulad\u0131. Irak D\u0131\u015fi\u015fleri Bakanl\u0131\u011f\u0131, \u0130srail taraf\u0131ndan Suriye&#8217;nin ba\u015fkenti \u015eam&#8217;\u0131 hedef alan ve uluslararas\u0131 hukuk h\u00fck\u00fcmlerini ve uluslararas\u0131 me\u015fruiyet kararlar\u0131n\u0131 a\u00e7\u0131k ve tekrar tekrar ihlal eden bombalamay\u0131 Irak Cumhuriyeti&#8217;nin \u015fiddetle k\u0131nad\u0131\u011f\u0131n\u0131 ifade etti. Bakanl\u0131k yapt\u0131\u011f\u0131 &hellip;<\/p>\n","protected":false},"author":41,"featured_media":325711,"comment_status":"closed","ping_status":"closed","sticky":false,"template":"","format":"standard","meta":{"footnotes":""},"categories":[458,589,459,17988],"tags":[],"class_list":["post-325710","post","type-post","status-publish","format-standard","has-post-thumbnail","","category-dunya1","category-haber-seridi","category-haberler-arap-uluslararasi-politika","category-son-haberler"],"_links":{"self":[{"href":"https:\/\/archive.sana.sy\/tr\/index.php?rest_route=\/wp\/v2\/posts\/325710","targetHints":{"allow":["GET"]}}],"collection":[{"href":"https:\/\/archive.sana.sy\/tr\/index.php?rest_route=\/wp\/v2\/posts"}],"about":[{"href":"https:\/\/archive.sana.sy\/tr\/index.php?rest_route=\/wp\/v2\/types\/post"}],"author":[{"embeddable":true,"href":"https:\/\/archive.sana.sy\/tr\/index.php?rest_route=\/wp\/v2\/users\/41"}],"replies":[{"embeddable":true,"href":"https:\/\/archive.sana.sy\/tr\/index.php?rest_route=%2Fwp%2Fv2%2Fcomments&post=325710"}],"version-history":[{"count":1,"href":"https:\/\/archive.sana.sy\/tr\/index.php?rest_route=\/wp\/v2\/posts\/325710\/revisions"}],"predecessor-version":[{"id":325712,"href":"https:\/\/archive.sana.sy\/tr\/index.php?rest_route=\/wp\/v2\/posts\/325710\/revisions\/325712"}],"wp:featuredmedia":[{"embeddable":true,"href":"https:\/\/archive.sana.sy\/tr\/index.php?rest_route=\/wp\/v2\/media\/325711"}],"wp:attachment":[{"href":"https:\/\/archive.sana.sy\/tr\/index.php?rest_route=%2Fwp%2Fv2%2Fmedia&parent=325710"}],"wp:term":[{"taxonomy":"category","embeddable":true,"href":"https:\/\/archive.sana.sy\/tr\/index.php?rest_route=%2Fwp%2Fv2%2Fcategories&post=325710"},{"taxonomy":"post_tag","embeddable":true,"href":"https:\/\/archive.sana.sy\/tr\/index.php?rest_route=%2Fwp%2Fv2%2Ftags&post=325710"}],"curies":[{"name":"wp","href":"https:\/\/api.w.org\/{rel}","templated":true}]}}