{"id":325713,"date":"2025-07-16T20:07:52","date_gmt":"2025-07-16T17:07:52","guid":{"rendered":"https:\/\/sana.sy\/tr\/?p=325713"},"modified":"2025-07-16T20:26:00","modified_gmt":"2025-07-16T17:26:00","slug":"enformasyon-bakani-devletin-topraklari-uzerinde-kontrol-hakki-vardir","status":"publish","type":"post","link":"https:\/\/archive.sana.sy\/tr\/?p=325713","title":{"rendered":"Enformasyon Bakan\u0131: Devletin Topraklar\u0131 \u00dczerinde Kontrol Hakk\u0131 Vard\u0131r"},"content":{"rendered":"<p><span style=\"color: #ff0000;\"><strong>\u015eAM (SANA)<\/strong> <\/span>&#8211; Enformasyon Bakan\u0131 Hamza El Mustafa, Suriye Haber Kanal\u0131&#8217;na verdi\u011fi r\u00f6portajda \u015funlar\u0131 kaydetti:<\/p>\n<ul>\n<li>Devletin topraklar\u0131n\u0131 kontrol etme hakk\u0131 vard\u0131r ve S\u00fcveyde halk\u0131, t\u00fcm bile\u015fenlerini kucaklayan ve bu vatan\u0131n bir par\u00e7as\u0131 olan Suriye devletinin temel dire\u011fidir.<\/li>\n<li>Suriye h\u00fck\u00fcmeti siyasi \u00e7\u00f6z\u00fcm bulma konusunda b\u00fcy\u00fck esneklik g\u00f6sterdi, ancak sonu\u00e7 daha fazla provokasyon, tutulmayan s\u00f6zler ve askeri \u00e7\u00f6z\u00fcmden ka\u00e7\u0131nmaya \u00e7al\u0131\u015fan devlete d\u00fc\u015fman bir askeri ger\u00e7ekli\u011fin yarat\u0131lmas\u0131 oldu.<\/li>\n<li>Suriye devleti, son aylarda m\u00fcmk\u00fcn olan S\u00fcveyda sorununu \u00e7\u00f6zme konusunda zay\u0131f bir konumda de\u011fildi. Ancak taraflardan ortak bir form\u00fcl \u00fczerinde anla\u015fmalar\u0131n\u0131 istedi, ancak baz\u0131lar\u0131 d\u0131\u015f etkenlere g\u00fcvendi.<\/li>\n<li>S\u00fcveyda halk\u0131 aras\u0131nda, Suriye h\u00fck\u00fcmetiyle yap\u0131lan anla\u015fman\u0131n, valili\u011fi Suriye anayurdu i\u00e7inde yeniden konumland\u0131rmay\u0131 ama\u00e7lad\u0131\u011f\u0131na dair bir inan\u00e7 var.<\/li>\n<li>\u0130srail&#8217;in \u015eam&#8217;\u0131 bombalamas\u0131 bir zafer de\u011fil, \u0130srail i\u015fgal h\u00fck\u00fcmetinin kar\u015f\u0131 kar\u015f\u0131ya oldu\u011fu i\u00e7 bask\u0131lardan bir ka\u00e7\u0131\u015ft\u0131r.<\/li>\n<\/ul>\n","protected":false},"excerpt":{"rendered":"<p>\u015eAM (SANA) &#8211; Enformasyon Bakan\u0131 Hamza El Mustafa, Suriye Haber Kanal\u0131&#8217;na verdi\u011fi r\u00f6portajda \u015funlar\u0131 kaydetti: Devletin topraklar\u0131n\u0131 kontrol etme hakk\u0131 vard\u0131r ve S\u00fcveyde halk\u0131, t\u00fcm bile\u015fenlerini kucaklayan ve bu vatan\u0131n bir par\u00e7as\u0131 olan Suriye devletinin temel dire\u011fidir. Suriye h\u00fck\u00fcmeti siyasi \u00e7\u00f6z\u00fcm bulma konusunda b\u00fcy\u00fck esneklik g\u00f6sterdi, ancak sonu\u00e7 daha fazla provokasyon, tutulmayan s\u00f6zler ve askeri &hellip;<\/p>\n","protected":false},"author":41,"featured_media":325714,"comment_status":"closed","ping_status":"closed","sticky":false,"template":"","format":"standard","meta":{"footnotes":""},"categories":[589,479,17988,478],"tags":[],"class_list":["post-325713","post","type-post","status-publish","format-standard","has-post-thumbnail","","category-haber-seridi","category-haberler-yerel","category-son-haberler","category-yerel"],"_links":{"self":[{"href":"https:\/\/archive.sana.sy\/tr\/index.php?rest_route=\/wp\/v2\/posts\/325713","targetHints":{"allow":["GET"]}}],"collection":[{"href":"https:\/\/archive.sana.sy\/tr\/index.php?rest_route=\/wp\/v2\/posts"}],"about":[{"href":"https:\/\/archive.sana.sy\/tr\/index.php?rest_route=\/wp\/v2\/types\/post"}],"author":[{"embeddable":true,"href":"https:\/\/archive.sana.sy\/tr\/index.php?rest_route=\/wp\/v2\/users\/41"}],"replies":[{"embeddable":true,"href":"https:\/\/archive.sana.sy\/tr\/index.php?rest_route=%2Fwp%2Fv2%2Fcomments&post=325713"}],"version-history":[{"count":1,"href":"https:\/\/archive.sana.sy\/tr\/index.php?rest_route=\/wp\/v2\/posts\/325713\/revisions"}],"predecessor-version":[{"id":325715,"href":"https:\/\/archive.sana.sy\/tr\/index.php?rest_route=\/wp\/v2\/posts\/325713\/revisions\/325715"}],"wp:featuredmedia":[{"embeddable":true,"href":"https:\/\/archive.sana.sy\/tr\/index.php?rest_route=\/wp\/v2\/media\/325714"}],"wp:attachment":[{"href":"https:\/\/archive.sana.sy\/tr\/index.php?rest_route=%2Fwp%2Fv2%2Fmedia&parent=325713"}],"wp:term":[{"taxonomy":"category","embeddable":true,"href":"https:\/\/archive.sana.sy\/tr\/index.php?rest_route=%2Fwp%2Fv2%2Fcategories&post=325713"},{"taxonomy":"post_tag","embeddable":true,"href":"https:\/\/archive.sana.sy\/tr\/index.php?rest_route=%2Fwp%2Fv2%2Ftags&post=325713"}],"curies":[{"name":"wp","href":"https:\/\/api.w.org\/{rel}","templated":true}]}}