{"id":325717,"date":"2025-07-17T08:23:24","date_gmt":"2025-07-17T05:23:24","guid":{"rendered":"https:\/\/sana.sy\/tr\/?p=325717"},"modified":"2025-07-19T09:12:40","modified_gmt":"2025-07-19T06:12:40","slug":"cumhurbaskani-el-sara-suriye-halki-ulkenin-birligini-ve-istikrarini-korumayi-amaclayan-ulusal-bir-mucadelenin-merkezinde-yer-aliyor","status":"publish","type":"post","link":"https:\/\/archive.sana.sy\/tr\/?p=325717","title":{"rendered":"Cumhurba\u015fkan\u0131 El \u015eara: Suriye Halk\u0131, \u00dclkenin Birli\u011fini Ve \u0130stikrar\u0131n\u0131 Korumay\u0131 Ama\u00e7layan Ulusal Bir M\u00fccadelenin Merkezinde Yer Al\u0131yor"},"content":{"rendered":"<p style=\"text-align: justify;\"><span style=\"color: #ff0000;\"><strong>\u015eAM (SANA) &#8211;<\/strong><\/span> Suriye Arap Cumhuriyeti Cumhurba\u015fkan\u0131 Say\u0131n Ahmed El \u015eara, Suriye halk\u0131n\u0131n \u00f6zg\u00fcrl\u00fck ve onur u\u011fruna yapt\u0131\u011f\u0131 fedakarl\u0131klarla b\u00fcy\u00fck zaferler elde etti\u011fini belirterek, bug\u00fcn, \u0130srail varl\u0131\u011f\u0131n\u0131n Suriye&#8217;nin istikrar\u0131n\u0131 hedef alma ve halk\u0131 aras\u0131nda ayr\u0131l\u0131k yaratma giri\u015fimlerine kar\u015f\u0131, \u00fclkenin birli\u011fini ve vatan\u0131m\u0131z\u0131n sars\u0131lmazl\u0131\u011f\u0131n\u0131 korumay\u0131 ama\u00e7layan ulusal bir m\u00fccadelenin merkezinde yer ald\u0131klar\u0131n\u0131 vurgulad\u0131.<\/p>\n<p style=\"text-align: justify;\">Cumhurba\u015fkan\u0131 El \u015eara bu sabah televizyonda yapt\u0131\u011f\u0131 konu\u015fmada \u015funlar\u0131 s\u00f6yledi: &#8221;Sevgili vatan\u0131m\u0131zda ya\u015fanan olaylar\u0131n ortas\u0131nda, zorluklara her zaman meydan okuyan ve sars\u0131lmaz ilkelerinden asla vazge\u00e7meyen bu halka y\u00fcrekten bir mesaj olarak bu s\u00f6zleri iletmenin ulusal bir g\u00f6rev oldu\u011funu d\u00fc\u015f\u00fcn\u00fcyorum. Suriye&#8217;nin \u00f6zg\u00fcr ve gururlu kalmas\u0131 i\u00e7in en de\u011ferli varl\u0131klar\u0131n\u0131 feda eden halk\u0131m\u0131z, gurur ve onur i\u00e7in \u00e7abalayan uluslar\u0131n \u00f6n saflar\u0131nda yer almaktad\u0131r. Halk\u0131m\u0131z \u00f6zg\u00fcrl\u00fc\u011f\u00fcne kavu\u015fmak i\u00e7in bir devrimle aya\u011fa kalkt\u0131, zafer kazand\u0131 ve muazzam fedakarl\u0131klar yapt\u0131. Bu halk, tehdit alt\u0131nda olsa bile onurlar\u0131 i\u00e7in sava\u015fmaya haz\u0131rd\u0131r.&#8221;<\/p>\n<p style=\"text-align: justify;\">Cumhurba\u015fkan\u0131 El \u015eara \u015funlar\u0131 ekledi: &#8221;Sevgili, gururlu Suriye halk\u0131, bug\u00fcn bu yeni zorlukla kar\u015f\u0131 kar\u015f\u0131yay\u0131z ve \u00fclkemizin birli\u011fini, halk\u0131m\u0131z\u0131n onurunu ve milletimizin kararl\u0131l\u0131\u011f\u0131n\u0131 korumay\u0131 ama\u00e7layan bir m\u00fccadelenin ortas\u0131nday\u0131z.&#8221;<\/p>\n<p style=\"text-align: justify;\">Cumhurba\u015fkan\u0131 El \u015eara ayr\u0131ca, eski rejimin devrilmesinden bu yana istikrar\u0131m\u0131z\u0131 s\u00fcrekli hedef alan ve aram\u0131zda anla\u015fmazl\u0131k yaratan \u0130srail varl\u0131\u011f\u0131n\u0131n, \u015fimdi kutsal topraklar\u0131m\u0131z\u0131 sonsuz bir kaos arenas\u0131na d\u00f6n\u00fc\u015ft\u00fcrmeye \u00e7al\u0131\u015ft\u0131\u011f\u0131n\u0131 a\u00e7\u0131klarken, bu yolla halk\u0131m\u0131z\u0131n birli\u011fini bozmay\u0131 ve yeniden yap\u0131lanma ve ilerleme s\u00fcrecinde ilerleme kabiliyetimizi zay\u0131flatmay\u0131 hedefledi\u011fini kaydetti.<\/p>\n<p style=\"text-align: justify;\"><img loading=\"lazy\" decoding=\"async\" class=\"size-full wp-image-325720 alignright\" src=\"http:\/\/sana.sy\/tr\/wp-content\/uploads\/2025\/07\/\u0627\u0644\u0634\u0631\u0639-2-300x168-1.png\" alt=\"\" width=\"300\" height=\"168\" \/>Bu olu\u015fumun s\u00fcrekli olarak \u00e7at\u0131\u015fma ve fitne \u00e7\u0131karmak i\u00e7in her t\u00fcrl\u00fc yolu kulland\u0131\u011f\u0131n\u0131 ve uzun bir ge\u00e7mi\u015fe sahip Suriyelilerin her t\u00fcrl\u00fc ayr\u0131l\u0131k ve b\u00f6l\u00fcnmeyi reddetti\u011fi ger\u00e7e\u011fini g\u00f6rmezden geldi\u011fini belirten Cumhurba\u015fkan\u0131 El \u015eara, &#8221;B\u00fcy\u00fck bir g\u00fcce sahip olmak illa zafer kazanmak anlam\u0131na gelmez ve bir alanda zafer kazanmak ba\u015fka bir alanda ba\u015far\u0131y\u0131 garantilemez. Bir sava\u015f ba\u015flatabilirsiniz, ancak sonu\u00e7lar\u0131n\u0131 kontrol etmek kolay de\u011fildir. Biz bu topraklar\u0131n insanlar\u0131y\u0131z ve \u0130srail varl\u0131\u011f\u0131n\u0131n bizi par\u00e7alama giri\u015fimlerinin \u00fcstesinden gelme konusunda daha yetenekliyiz. Uydurma bir fitneyle kararl\u0131l\u0131\u011f\u0131m\u0131z\u0131n sars\u0131lmas\u0131na izin veremeyecek kadar g\u00fc\u00e7l\u00fcy\u00fcz&#8221; ifadelerini kulland\u0131.<\/p>\n<p style=\"text-align: justify;\">Cumhurba\u015fkan\u0131 El \u015eara \u015f\u00f6yle devam etti: &#8221;Biz Suriye halk\u0131 olarak, bizi kimin sava\u015fa s\u00fcr\u00fcklemeye \u00e7al\u0131\u015ft\u0131\u011f\u0131n\u0131 ve kimin bizi b\u00f6lmeye \u00e7al\u0131\u015ft\u0131\u011f\u0131n\u0131 \u00e7ok iyi biliyoruz. Halk\u0131m\u0131z\u0131, topraklar\u0131m\u0131zda ba\u015flatmaya \u00e7al\u0131\u015ft\u0131klar\u0131 bir sava\u015fa, tek amac\u0131 vatan\u0131m\u0131z\u0131 par\u00e7alamak ve kaos ve y\u0131k\u0131ma do\u011fru \u00e7abalar\u0131m\u0131z\u0131 da\u011f\u0131tmak olan bir sava\u015fa s\u00fcr\u00fcklemelerine f\u0131rsat vermeyece\u011fiz. Suriye, yabanc\u0131 komplolar\u0131n test sahas\u0131 veya \u00e7ocuklar\u0131m\u0131z\u0131n ve kad\u0131nlar\u0131m\u0131z\u0131n kan\u0131 pahas\u0131na ba\u015fkalar\u0131n\u0131n emellerini ger\u00e7ekle\u015ftirecek bir yer de\u011fildir.&#8221;<\/p>\n<p style=\"text-align: justify;\">Cumhurba\u015fkan\u0131 El \u015eara, Suriye devletinin herkes i\u00e7in bir devlet, ulus i\u00e7in bir onur ve gurur kayna\u011f\u0131 ve her Suriyelinin \u00fclkesinin bu devlet arac\u0131l\u0131\u011f\u0131yla yeniden in\u015fas\u0131n\u0131 g\u00f6rme hayali oldu\u011funu vurgularken \u015funlar\u0131 kaydetti: &#8221;Suriye&#8217;nin itibar\u0131n\u0131 yeniden tesis etmek ve onu g\u00fcvenlik ve istikrar i\u00e7inde ya\u015fayan uluslar\u0131n \u00f6n saflar\u0131na yerle\u015ftirmek i\u00e7in ayr\u0131m g\u00f6zetmeksizin hepimiz birle\u015fiyoruz.&#8221;<\/p>\n<p style=\"text-align: justify;\">Cumhurba\u015fkan\u0131 El \u015eara, yeni bir Suriye in\u015fas\u0131n\u0131n hepimizin devletimiz etraf\u0131nda kenetlenmesini, ilkelerine ba\u011fl\u0131 kalmas\u0131n\u0131 ve ulusun \u00e7\u0131karlar\u0131n\u0131 her t\u00fcrl\u00fc bireysel veya s\u0131n\u0131rl\u0131 \u00e7\u0131karlar\u0131n \u00fcst\u00fcnde tutmas\u0131n\u0131 gerektirdi\u011fini vurgularken de \u015funlar\u0131 kaydetti: &#8221; Bug\u00fcn ihtiyac\u0131m\u0131z olan \u015fey, hepimizin bu in\u015fa s\u00fcrecinde ortak olmam\u0131z ve kar\u015f\u0131la\u015ft\u0131\u011f\u0131m\u0131z t\u00fcm zorluklar\u0131n \u00fcstesinden gelmek i\u00e7in el ele \u00e7al\u0131\u015fmam\u0131zd\u0131r. Birlik bizim silah\u0131m\u0131z, s\u0131k\u0131 \u00e7al\u0131\u015fma bizim yolumuz ve sa\u011flam irademiz bu m\u00fcreffeh gelece\u011fi in\u015fa edece\u011fimiz temeldir.&#8221;<\/p>\n<p style=\"text-align: justify;\">Say\u0131n Cumhurba\u015fkan\u0131 ayr\u0131ca, &#8220;Bu konu\u015fmamda, bu milletin ayr\u0131lmaz bir par\u00e7as\u0131 olan D\u00fcrzi halk\u0131m\u0131za da i\u00e7ten \u015f\u00fckranlar\u0131m\u0131 sunuyorum. Suriye asla b\u00f6l\u00fcnmenin, par\u00e7alanman\u0131n veya halk\u0131 aras\u0131nda nifak tohumlar\u0131n\u0131n ekildi\u011fi bir yer olmayacakt\u0131r. Haklar\u0131n\u0131z\u0131 ve \u00f6zg\u00fcrl\u00fcklerinizi koruman\u0131n en b\u00fcy\u00fck \u00f6nceli\u011fimiz oldu\u011funu temin ederiz. Sizi d\u0131\u015f bir partiye \u00e7ekmeye veya saflar\u0131m\u0131zda ayr\u0131l\u0131k yaratmaya y\u00f6nelik her t\u00fcrl\u00fc \u00e7abay\u0131 reddediyoruz. Hepimiz bu topraklar\u0131n orta\u011f\u0131y\u0131z ve hi\u00e7bir grubun Suriye&#8217;yi ve \u00e7e\u015fitlili\u011fini ifade eden bu g\u00fczel imaj\u0131 bozmas\u0131na izin vermeyece\u011fiz&#8221; dedi.<\/p>\n<p style=\"text-align: justify;\">Cumhurba\u015fkan\u0131 El \u015eara konu\u015fmas\u0131nda da \u015funlar\u0131 ifade etti: &#8221;Suriye devleti, t\u00fcm kurumlar\u0131 ve liderleriyle birlikte, S\u00fcveyda ve \u00e7evresindeki silahl\u0131 gruplar aras\u0131nda uzun s\u00fcredir devam eden anla\u015fmazl\u0131klar nedeniyle S\u00fcveyda&#8217;da ya\u015fanan i\u00e7 \u00e7at\u0131\u015fmalar\u0131 durdurmak i\u00e7in tam bir irade ve kararl\u0131l\u0131kla m\u00fcdahale etti. Devletin durumu yat\u0131\u015ft\u0131rmas\u0131na yard\u0131mc\u0131 olmak yerine, kaosa, karga\u015faya ve isyana al\u0131\u015fk\u0131n kanun ka\u00e7a\u011f\u0131 gruplar ortaya \u00e7\u0131kt\u0131. Bu \u00e7etelerin liderleri, aylarca diyalo\u011fu reddeden, dar ki\u015fisel \u00e7\u0131karlar\u0131n\u0131 milletin \u00e7\u0131karlar\u0131n\u0131n \u00f6n\u00fcne koyan ayn\u0131 ki\u015filerdi. Son g\u00fcnlerde sivillere kar\u015f\u0131 su\u00e7 i\u015flediler.&#8221;<\/p>\n<p style=\"text-align: justify;\">Cumhurba\u015fkan\u0131 El \u015eara kounu\u015fmas\u0131na \u015fu ifadelere yer verdi: &#8221;Buna ra\u011fmen, Savunma ve \u0130\u00e7i\u015fleri Bakanl\u0131klar\u0131, g\u00fcvenli\u011fi sa\u011flama ve b\u00f6lgedeki t\u0131rman\u0131\u015f\u0131 sona erdirme \u00e7abalar\u0131 kapsam\u0131nda S\u00fcveyda Valili\u011fi&#8217;ne geni\u015f \u00e7apl\u0131 bir konu\u015flanma ger\u00e7ekle\u015ftirdi. \u0130srail m\u00fcdahalesine ra\u011fmen istikrar\u0131 sa\u011flamay\u0131 ve yasad\u0131\u015f\u0131 gruplar\u0131 b\u00f6lgeden \u00e7\u0131karmay\u0131 ba\u015fard\u0131lar. \u0130srail y\u00f6netimi, bu \u00e7abalar\u0131 baltalamak i\u00e7in sivil ve h\u00fck\u00fcmet tesislerini yo\u011fun bir \u015fekilde hedef ald\u0131 ve durumu \u00f6nemli \u00f6l\u00e7\u00fcde karma\u015f\u0131kla\u015ft\u0131rarak meseleyi yayg\u0131n bir t\u0131rman\u0131\u015fa do\u011fru itti.&#8221;<\/p>\n<p style=\"text-align: justify;\">Cumhurba\u015fkan\u0131 El \u015eara, b\u00f6lgeyi belirsiz bir kaderden kurtaran Amerikan, Arap ve T\u00fcrk arabuluculu\u011funun etkili m\u00fcdahalesi olmasayd\u0131, iki se\u00e7enekle kar\u015f\u0131 kar\u015f\u0131ya kalaca\u011f\u0131m\u0131z\u0131 a\u00e7\u0131klarke, &#8221;D\u00fcrzi halk\u0131m\u0131z ve g\u00fcvenlikleri pahas\u0131na \u0130srail varl\u0131\u011f\u0131yla a\u00e7\u0131k bir sava\u015fa girmek, Suriye&#8217;yi ve t\u00fcm b\u00f6lgeyi istikrars\u0131zla\u015ft\u0131rmak ya da D\u00fcrzi ileri gelenlerinin ve \u015feyhlerinin ak\u0131llar\u0131n\u0131 ba\u015flar\u0131na toplay\u0131p, da\u011f\u0131n onurlu halk\u0131n\u0131n itibar\u0131n\u0131 zedelemek isteyenlerin aksine ulusal \u00e7\u0131karlar\u0131 \u00f6nceliklendirmelerine izin vermek&#8221; diye devam etti.<\/p>\n<p style=\"text-align: justify;\">Cumhurba\u015fkan\u0131 El \u015eara konu\u015fmas\u0131nda da \u015funlar\u0131 ekledi: &#8221;Biz sava\u015ftan korkanlar de\u011filiz. Hayat\u0131m\u0131z\u0131 zorluklarla m\u00fccadele ederek ve halk\u0131m\u0131z\u0131 savunarak ge\u00e7irdik. Ancak, kaos ve y\u0131k\u0131mdan ziyade Suriyelilerin \u00e7\u0131karlar\u0131n\u0131 \u00f6n planda tuttuk. Bu a\u015famada en iyi tercih, y\u00fcce ulusal \u00e7\u0131karlar temelinde, vatan\u0131m\u0131z\u0131n birli\u011fini ve halk\u0131m\u0131z\u0131n g\u00fcvenli\u011fini korumak i\u00e7in dikkatli bir karar almakt\u0131. S\u00fcveyda&#8217;da g\u00fcvenli\u011fi sa\u011flama sorumlulu\u011funu baz\u0131 yerel gruplara ve dini \u015feyhlere vermeye karar verdik. Bu karar\u0131n, ulusal birli\u011fimiz i\u00e7in durumun ciddiyetinin derin fark\u0131ndal\u0131\u011f\u0131ndan ve \u00fclkenin y\u0131k\u0131c\u0131 sava\u015ftan kurtulma ve eski rejimin geride b\u0131rakt\u0131\u011f\u0131 siyasi ve ekonomik zorluklardan uzakla\u015fma gibi daha b\u00fcy\u00fck hedeflerinden uzakla\u015ft\u0131rabilecek yeni ve yayg\u0131n bir sava\u015fa s\u00fcr\u00fcklenmesini \u00f6nlemekten kaynakland\u0131\u011f\u0131n\u0131 vurgulad\u0131k.&#8221;<\/p>\n<p style=\"text-align: justify;\">Cumhurba\u015fkan\u0131 \u015earaa s\u00f6zlerini \u015f\u00f6yle tamamlad\u0131: &#8221;D\u00fcrzi halk\u0131m\u0131za kar\u015f\u0131 su\u00e7 i\u015fleyen ve istismar edenlerden hesap sormaya kararl\u0131y\u0131z. Onlar devletin korumas\u0131 ve sorumlulu\u011fu alt\u0131ndad\u0131r ve kanun ve adalet, istisnas\u0131z herkesin haklar\u0131n\u0131 korur. \u00dclkemizin birli\u011fini, istikrar\u0131n\u0131 ve halk\u0131m\u0131z\u0131n g\u00fcvenli\u011fini koruman\u0131n ve \u00e7ocuklar\u0131n\u0131n gelece\u011fini g\u00fcvence alt\u0131na alman\u0131n, \u00fclkemizin kurtulu\u015fundan sonra ilerledi\u011fimiz ilerleme ve iyile\u015fme yolunu baltalayabilecek her t\u00fcrl\u00fc tehlikeden uzak, esas oldu\u011funu teyit ediyoruz.&#8221;<\/p>\n<p style=\"text-align: justify;\">\n","protected":false},"excerpt":{"rendered":"<p>\u015eAM (SANA) &#8211; Suriye Arap Cumhuriyeti Cumhurba\u015fkan\u0131 Say\u0131n Ahmed El \u015eara, Suriye halk\u0131n\u0131n \u00f6zg\u00fcrl\u00fck ve onur u\u011fruna yapt\u0131\u011f\u0131 fedakarl\u0131klarla b\u00fcy\u00fck zaferler elde etti\u011fini belirterek, bug\u00fcn, \u0130srail varl\u0131\u011f\u0131n\u0131n Suriye&#8217;nin istikrar\u0131n\u0131 hedef alma ve halk\u0131 aras\u0131nda ayr\u0131l\u0131k yaratma giri\u015fimlerine kar\u015f\u0131, \u00fclkenin birli\u011fini ve vatan\u0131m\u0131z\u0131n sars\u0131lmazl\u0131\u011f\u0131n\u0131 korumay\u0131 ama\u00e7layan ulusal bir m\u00fccadelenin merkezinde yer ald\u0131klar\u0131n\u0131 vurgulad\u0131. Cumhurba\u015fkan\u0131 El \u015eara &hellip;<\/p>\n","protected":false},"author":39,"featured_media":325718,"comment_status":"closed","ping_status":"closed","sticky":false,"template":"","format":"standard","meta":{"footnotes":""},"categories":[606,479,605,478],"tags":[],"class_list":["post-325717","post","type-post","status-publish","format-standard","has-post-thumbnail","","category-cumhurbaskani","category-haberler-yerel","category-sayin-cumhurbaskani","category-yerel"],"_links":{"self":[{"href":"https:\/\/archive.sana.sy\/tr\/index.php?rest_route=\/wp\/v2\/posts\/325717","targetHints":{"allow":["GET"]}}],"collection":[{"href":"https:\/\/archive.sana.sy\/tr\/index.php?rest_route=\/wp\/v2\/posts"}],"about":[{"href":"https:\/\/archive.sana.sy\/tr\/index.php?rest_route=\/wp\/v2\/types\/post"}],"author":[{"embeddable":true,"href":"https:\/\/archive.sana.sy\/tr\/index.php?rest_route=\/wp\/v2\/users\/39"}],"replies":[{"embeddable":true,"href":"https:\/\/archive.sana.sy\/tr\/index.php?rest_route=%2Fwp%2Fv2%2Fcomments&post=325717"}],"version-history":[{"count":2,"href":"https:\/\/archive.sana.sy\/tr\/index.php?rest_route=\/wp\/v2\/posts\/325717\/revisions"}],"predecessor-version":[{"id":325721,"href":"https:\/\/archive.sana.sy\/tr\/index.php?rest_route=\/wp\/v2\/posts\/325717\/revisions\/325721"}],"wp:featuredmedia":[{"embeddable":true,"href":"https:\/\/archive.sana.sy\/tr\/index.php?rest_route=\/wp\/v2\/media\/325718"}],"wp:attachment":[{"href":"https:\/\/archive.sana.sy\/tr\/index.php?rest_route=%2Fwp%2Fv2%2Fmedia&parent=325717"}],"wp:term":[{"taxonomy":"category","embeddable":true,"href":"https:\/\/archive.sana.sy\/tr\/index.php?rest_route=%2Fwp%2Fv2%2Fcategories&post=325717"},{"taxonomy":"post_tag","embeddable":true,"href":"https:\/\/archive.sana.sy\/tr\/index.php?rest_route=%2Fwp%2Fv2%2Ftags&post=325717"}],"curies":[{"name":"wp","href":"https:\/\/api.w.org\/{rel}","templated":true}]}}