{"id":325722,"date":"2025-07-17T09:17:56","date_gmt":"2025-07-17T06:17:56","guid":{"rendered":"https:\/\/sana.sy\/tr\/?p=325722"},"modified":"2025-07-17T09:17:56","modified_gmt":"2025-07-17T06:17:56","slug":"turkiye-ve-suudi-arabistan-disisleri-bakanlari-israil-saldirilari-suriyedeki-istikrari-zararli-goruyor","status":"publish","type":"post","link":"https:\/\/archive.sana.sy\/tr\/?p=325722","title":{"rendered":"T\u00fcrkiye ve Suudi Arabistan D\u0131\u015fi\u015fleri Bakanlar\u0131: \u0130srail Sald\u0131r\u0131lar\u0131 Suriye&#8217;deki \u0130stikrar\u0131 Zararl\u0131 G\u00f6r\u00fcyor"},"content":{"rendered":"<p style=\"text-align: justify;\"><span style=\"color: #ff0000;\"><strong>ANKARA (SANA) &#8211;<\/strong> <\/span>T\u00fcrkiye D\u0131\u015fi\u015fleri Bakan\u0131 Hakan Fidan ve Suudi Arabistan D\u0131\u015fi\u015fleri Bakan\u0131 Faysal bin Ferhan, \u0130srail&#8217;in Suriye&#8217;yi hedef alan sald\u0131r\u0131lar\u0131n\u0131n \u00fclkede istikrar\u0131 sa\u011flama \u00e7abalar\u0131na zarar verebilece\u011fini do\u011frulad\u0131.<\/p>\n<p style=\"text-align: justify;\">T\u00fcrkiye D\u0131\u015fi\u015fleri Bakanl\u0131\u011f\u0131&#8217;ndan bir kaynak, Anadolu Ajans\u0131&#8217;na yapt\u0131\u011f\u0131 a\u00e7\u0131klamada, iki bakan\u0131n bug\u00fcn yapt\u0131klar\u0131 telefon g\u00f6r\u00fc\u015fmesinde b\u00f6lgedeki \u0130srail sald\u0131r\u0131lar\u0131n\u0131 ele ald\u0131klar\u0131n\u0131 ve bu sald\u0131rgan eylemlerin derhal sona erdirilmesi gerekti\u011fini vurgulad\u0131klar\u0131n\u0131 s\u00f6yledi.<\/p>\n","protected":false},"excerpt":{"rendered":"<p>ANKARA (SANA) &#8211; T\u00fcrkiye D\u0131\u015fi\u015fleri Bakan\u0131 Hakan Fidan ve Suudi Arabistan D\u0131\u015fi\u015fleri Bakan\u0131 Faysal bin Ferhan, \u0130srail&#8217;in Suriye&#8217;yi hedef alan sald\u0131r\u0131lar\u0131n\u0131n \u00fclkede istikrar\u0131 sa\u011flama \u00e7abalar\u0131na zarar verebilece\u011fini do\u011frulad\u0131. T\u00fcrkiye D\u0131\u015fi\u015fleri Bakanl\u0131\u011f\u0131&#8217;ndan bir kaynak, Anadolu Ajans\u0131&#8217;na yapt\u0131\u011f\u0131 a\u00e7\u0131klamada, iki bakan\u0131n bug\u00fcn yapt\u0131klar\u0131 telefon g\u00f6r\u00fc\u015fmesinde b\u00f6lgedeki \u0130srail sald\u0131r\u0131lar\u0131n\u0131 ele ald\u0131klar\u0131n\u0131 ve bu sald\u0131rgan eylemlerin derhal sona erdirilmesi &hellip;<\/p>\n","protected":false},"author":39,"featured_media":325723,"comment_status":"closed","ping_status":"closed","sticky":false,"template":"","format":"standard","meta":{"footnotes":""},"categories":[458,589,459,17988,2554,2555],"tags":[],"class_list":["post-325722","post","type-post","status-publish","format-standard","has-post-thumbnail","","category-dunya1","category-haber-seridi","category-haberler-arap-uluslararasi-politika","category-son-haberler","category-suriye-ve-dunya","category-suriye-ve-turkiye"],"_links":{"self":[{"href":"https:\/\/archive.sana.sy\/tr\/index.php?rest_route=\/wp\/v2\/posts\/325722","targetHints":{"allow":["GET"]}}],"collection":[{"href":"https:\/\/archive.sana.sy\/tr\/index.php?rest_route=\/wp\/v2\/posts"}],"about":[{"href":"https:\/\/archive.sana.sy\/tr\/index.php?rest_route=\/wp\/v2\/types\/post"}],"author":[{"embeddable":true,"href":"https:\/\/archive.sana.sy\/tr\/index.php?rest_route=\/wp\/v2\/users\/39"}],"replies":[{"embeddable":true,"href":"https:\/\/archive.sana.sy\/tr\/index.php?rest_route=%2Fwp%2Fv2%2Fcomments&post=325722"}],"version-history":[{"count":1,"href":"https:\/\/archive.sana.sy\/tr\/index.php?rest_route=\/wp\/v2\/posts\/325722\/revisions"}],"predecessor-version":[{"id":325724,"href":"https:\/\/archive.sana.sy\/tr\/index.php?rest_route=\/wp\/v2\/posts\/325722\/revisions\/325724"}],"wp:featuredmedia":[{"embeddable":true,"href":"https:\/\/archive.sana.sy\/tr\/index.php?rest_route=\/wp\/v2\/media\/325723"}],"wp:attachment":[{"href":"https:\/\/archive.sana.sy\/tr\/index.php?rest_route=%2Fwp%2Fv2%2Fmedia&parent=325722"}],"wp:term":[{"taxonomy":"category","embeddable":true,"href":"https:\/\/archive.sana.sy\/tr\/index.php?rest_route=%2Fwp%2Fv2%2Fcategories&post=325722"},{"taxonomy":"post_tag","embeddable":true,"href":"https:\/\/archive.sana.sy\/tr\/index.php?rest_route=%2Fwp%2Fv2%2Ftags&post=325722"}],"curies":[{"name":"wp","href":"https:\/\/api.w.org\/{rel}","templated":true}]}}